
	{"id":51437,"date":"2026-04-27T10:45:13","date_gmt":"2026-04-27T08:45:13","guid":{"rendered":"https:\/\/entrepueblos.org\/?p=51437"},"modified":"2026-04-27T10:59:24","modified_gmt":"2026-04-27T08:59:24","slug":"xest-arrenca-participatiu-refugi-climatic-dana","status":"publish","type":"post","link":"https:\/\/entrepueblos.org\/ca\/xest-arrenca-participatiu-refugi-climatic-dana\/","title":{"rendered":"Xest arrenca un proc\u00e9s participatiu per a dissenyar un refugi clim\u00e0tic a l&#8217;Escola d&#8217;Adults afectada per la DANA"},"content":{"rendered":"\n<p><strong>Xest \u2013 Aquest dilluns 27 d\u2019abril comen\u00e7a al Centre de Formaci\u00f3 de Persones Adultes (CFPA) Dori Carmen Rodrigo Ruiz de Cheste un dels eixos fonamentals del projecte \u201cDesenvolupament psicocomunitari en clau d\u2019emerg\u00e8ncia social i cat\u00e0strofes\u201d, impulsat per Entrepobles i finan\u00e7at per la Generalitat Valenciana en el marc del programa Recuperem Val\u00e8ncia.<\/strong><\/p>\n\n\n\n<p>El proc\u00e9s consistir\u00e0 en el disseny participatiu d\u2019un refugi clim\u00e0tic a les instal\u00b7lacions del centre educatiu, que va resultar afectat per la DANA del passat 29 d\u2019octubre de 2024. Es tracta d\u2019una iniciativa d\u2019innovaci\u00f3 educativa que busca transformar el pati del centre en un espai m\u00e9s resilient davant futurs esdeveniments clim\u00e0tics extrems, com inundacions o onades de calor.<\/p>\n\n\n\n<p>Al llarg de nou sessions, la comunitat educativa i altres agents de l\u2019entorn treballaran conjuntament per imaginar, definir i prototipar aquest nou espai. El proc\u00e9s culminar\u00e0 amb una jornada l\u00fadico-pedag\u00f2gica oberta, en qu\u00e8 es presentaran els resultats assolits, incl\u00f2s l\u2019avantprojecte que guiar\u00e0 la reforma de les instal\u00b7lacions.<\/p>\n\n\n\n<p>El projecte planteja convertir aquest espai en un refugi clim\u00e0tic inclusiu, comunitari i adaptat a l\u2019entorn, capa\u00e7 de donar resposta tant a les necessitats educatives com a les de la ciutadania. Es busca aix\u00ed generar un lloc m\u00e9s accessible, respectu\u00f3s amb la natura i orientat a la cura col\u00b7lectiva, que pugui ser utilitzat m\u00e9s enll\u00e0 de l\u2019horari escolar.<\/p>\n\n\n\n<p>La iniciativa compta amb l\u2019impuls d\u2019Entrepobles, organitzaci\u00f3 amb una \u00e0mplia traject\u00f2ria en educaci\u00f3 per a la transformaci\u00f3 social, la just\u00edcia global i les transicions ecosocials, que des de fa m\u00e9s de 35 anys treballa al costat de comunitats, centres educatius i moviments socials per promoure una ciutadania cr\u00edtica, solid\u00e0ria i compromesa amb la defensa dels drets humans.<\/p>\n\n\n\n<p>Aix\u00ed mateix, el proc\u00e9s ser\u00e0 desenvolupat amb l\u2019acompanyament t\u00e8cnic de Fent Estudi, cooperativa valenciana d\u2019arquitectura i innovaci\u00f3 social, especialitzada en innovaci\u00f3 educativa i disseny d\u2019entorns centrats en la comunitat i la sostenibilitat.<\/p>\n\n\n\n<p>Aquest projecte est\u00e0 recolzat per l\u2019Ajuntament de Xest i, espec\u00edficament, compta amb el suport de les Regidories d\u2019Educaci\u00f3 i Medi Ambient.<\/p>\n\n\n\n<p>La proposta s\u2019emmarca en una estrat\u00e8gia m\u00e9s \u00e0mplia d\u2019enfortiment de la resili\u00e8ncia comunit\u00e0ria en territoris afectats per la DANA, apostant per solucions locals, participades i replicables davant els reptes de l\u2019emerg\u00e8ncia clim\u00e0tica.<\/p>\n\n\n\n<figure class=\"wp-block-image\"><img loading=\"lazy\" decoding=\"async\" width=\"1275\" height=\"1650\" src=\"https:\/\/entrepueblos.org\/wp-content\/uploads\/2026\/04\/A3_Cartell_Refugi_PrimeraSessio_page-0001.jpg\" alt=\"\" class=\"wp-image-51440\" srcset=\"https:\/\/entrepueblos.org\/wp-content\/uploads\/2026\/04\/A3_Cartell_Refugi_PrimeraSessio_page-0001.jpg 1275w, https:\/\/entrepueblos.org\/wp-content\/uploads\/2026\/04\/A3_Cartell_Refugi_PrimeraSessio_page-0001-232x300.jpg 232w, https:\/\/entrepueblos.org\/wp-content\/uploads\/2026\/04\/A3_Cartell_Refugi_PrimeraSessio_page-0001-791x1024.jpg 791w, https:\/\/entrepueblos.org\/wp-content\/uploads\/2026\/04\/A3_Cartell_Refugi_PrimeraSessio_page-0001-768x994.jpg 768w, https:\/\/entrepueblos.org\/wp-content\/uploads\/2026\/04\/A3_Cartell_Refugi_PrimeraSessio_page-0001-1187x1536.jpg 1187w\" sizes=\"auto, (max-width: 1275px) 100vw, 1275px\" \/><\/figure>\n","protected":false},"excerpt":{"rendered":"<p>Xest \u2013 Aquest dilluns 27 d\u2019abril comen\u00e7a al Centre de Formaci\u00f3 de Persones Adultes (CFPA) Dori Carmen Rodrigo Ruiz de Cheste un dels eixos fonamentals<a class=\"leer-mas\" href=\"https:\/\/entrepueblos.org\/ca\/xest-arrenca-participatiu-refugi-climatic-dana\/\">&#8230;<\/a><\/p>\n","protected":false},"author":2,"featured_media":51440,"comment_status":"closed","ping_status":"closed","sticky":false,"template":"","format":"standard","meta":{"_acf_changed":false,"footnotes":""},"categories":[461],"tags":[],"class_list":["post-51437","post","type-post","status-publish","format-standard","has-post-thumbnail","hentry","category-noticias-ca"],"acf":[],"yoast_head":"<!-- This site is optimized with the Yoast SEO plugin v25.4 - https:\/\/yoast.com\/wordpress\/plugins\/seo\/ -->\n<title>Xest arrenca un proc\u00e9s participatiu per a dissenyar un refugi clim\u00e0tic a l&#039;Escola d&#039;Adults afectada per la DANA - Entrepobles<\/title>\n<meta name=\"robots\" content=\"index, follow, max-snippet:-1, max-image-preview:large, max-video-preview:-1\" \/>\n<link rel=\"canonical\" href=\"https:\/\/entrepueblos.org\/ca\/xest-arrenca-participatiu-refugi-climatic-dana\/\" \/>\n<meta property=\"og:locale\" content=\"ca_ES\" \/>\n<meta property=\"og:type\" content=\"article\" \/>\n<meta property=\"og:title\" content=\"Xest arrenca un proc\u00e9s participatiu per a dissenyar un refugi clim\u00e0tic a l&#039;Escola d&#039;Adults afectada per la DANA - Entrepobles\" \/>\n<meta property=\"og:description\" content=\"Xest \u2013 Aquest dilluns 27 d\u2019abril comen\u00e7a al Centre de Formaci\u00f3 de Persones Adultes (CFPA) Dori Carmen Rodrigo Ruiz de Cheste un dels eixos fonamentals...\" \/>\n<meta property=\"og:url\" content=\"https:\/\/entrepueblos.org\/ca\/xest-arrenca-participatiu-refugi-climatic-dana\/\" \/>\n<meta property=\"og:site_name\" content=\"Entrepobles\" \/>\n<meta property=\"article:published_time\" content=\"2026-04-27T08:45:13+00:00\" \/>\n<meta property=\"article:modified_time\" content=\"2026-04-27T08:59:24+00:00\" \/>\n<meta property=\"og:image\" content=\"https:\/\/entrepueblos.org\/wp-content\/uploads\/2026\/04\/A3_Cartell_Refugi_PrimeraSessio_page-0001.jpg\" \/>\n\t<meta property=\"og:image:width\" content=\"1275\" \/>\n\t<meta property=\"og:image:height\" content=\"1650\" \/>\n\t<meta property=\"og:image:type\" content=\"image\/jpeg\" \/>\n<meta name=\"author\" content=\"Entrepobles\" \/>\n<meta name=\"twitter:card\" content=\"summary_large_image\" \/>\n<meta name=\"twitter:label1\" content=\"Escrit per\" \/>\n\t<meta name=\"twitter:data1\" content=\"Entrepobles\" \/>\n\t<meta name=\"twitter:label2\" content=\"Temps estimat de lectura\" \/>\n\t<meta name=\"twitter:data2\" content=\"3 minuts\" \/>\n<script type=\"application\/ld+json\" class=\"yoast-schema-graph\">{\"@context\":\"https:\/\/schema.org\",\"@graph\":[{\"@type\":\"Article\",\"@id\":\"https:\/\/entrepueblos.org\/ca\/xest-arrenca-participatiu-refugi-climatic-dana\/#article\",\"isPartOf\":{\"@id\":\"https:\/\/entrepueblos.org\/ca\/xest-arrenca-participatiu-refugi-climatic-dana\/\"},\"author\":{\"name\":\"Entrepobles\",\"@id\":\"https:\/\/entrepueblos.org\/ca\/#\/schema\/person\/3ccbe8c28f2ae9c2c392e637c729a17f\"},\"headline\":\"Xest arrenca un proc\u00e9s participatiu per a dissenyar un refugi clim\u00e0tic a l&#8217;Escola d&#8217;Adults afectada per la DANA\",\"datePublished\":\"2026-04-27T08:45:13+00:00\",\"dateModified\":\"2026-04-27T08:59:24+00:00\",\"mainEntityOfPage\":{\"@id\":\"https:\/\/entrepueblos.org\/ca\/xest-arrenca-participatiu-refugi-climatic-dana\/\"},\"wordCount\":427,\"publisher\":{\"@id\":\"https:\/\/entrepueblos.org\/ca\/#organization\"},\"image\":{\"@id\":\"https:\/\/entrepueblos.org\/ca\/xest-arrenca-participatiu-refugi-climatic-dana\/#primaryimage\"},\"thumbnailUrl\":\"https:\/\/entrepueblos.org\/wp-content\/uploads\/2026\/04\/A3_Cartell_Refugi_PrimeraSessio_page-0001.jpg\",\"articleSection\":[\"Noticias\"],\"inLanguage\":\"ca\"},{\"@type\":\"WebPage\",\"@id\":\"https:\/\/entrepueblos.org\/ca\/xest-arrenca-participatiu-refugi-climatic-dana\/\",\"url\":\"https:\/\/entrepueblos.org\/ca\/xest-arrenca-participatiu-refugi-climatic-dana\/\",\"name\":\"Xest arrenca un proc\u00e9s participatiu per a dissenyar un refugi clim\u00e0tic a l'Escola d'Adults afectada per la DANA - Entrepobles\",\"isPartOf\":{\"@id\":\"https:\/\/entrepueblos.org\/ca\/#website\"},\"primaryImageOfPage\":{\"@id\":\"https:\/\/entrepueblos.org\/ca\/xest-arrenca-participatiu-refugi-climatic-dana\/#primaryimage\"},\"image\":{\"@id\":\"https:\/\/entrepueblos.org\/ca\/xest-arrenca-participatiu-refugi-climatic-dana\/#primaryimage\"},\"thumbnailUrl\":\"https:\/\/entrepueblos.org\/wp-content\/uploads\/2026\/04\/A3_Cartell_Refugi_PrimeraSessio_page-0001.jpg\",\"datePublished\":\"2026-04-27T08:45:13+00:00\",\"dateModified\":\"2026-04-27T08:59:24+00:00\",\"breadcrumb\":{\"@id\":\"https:\/\/entrepueblos.org\/ca\/xest-arrenca-participatiu-refugi-climatic-dana\/#breadcrumb\"},\"inLanguage\":\"ca\",\"potentialAction\":[{\"@type\":\"ReadAction\",\"target\":[\"https:\/\/entrepueblos.org\/ca\/xest-arrenca-participatiu-refugi-climatic-dana\/\"]}]},{\"@type\":\"ImageObject\",\"inLanguage\":\"ca\",\"@id\":\"https:\/\/entrepueblos.org\/ca\/xest-arrenca-participatiu-refugi-climatic-dana\/#primaryimage\",\"url\":\"https:\/\/entrepueblos.org\/wp-content\/uploads\/2026\/04\/A3_Cartell_Refugi_PrimeraSessio_page-0001.jpg\",\"contentUrl\":\"https:\/\/entrepueblos.org\/wp-content\/uploads\/2026\/04\/A3_Cartell_Refugi_PrimeraSessio_page-0001.jpg\",\"width\":1275,\"height\":1650},{\"@type\":\"BreadcrumbList\",\"@id\":\"https:\/\/entrepueblos.org\/ca\/xest-arrenca-participatiu-refugi-climatic-dana\/#breadcrumb\",\"itemListElement\":[{\"@type\":\"ListItem\",\"position\":1,\"name\":\"Portada\",\"item\":\"https:\/\/entrepueblos.org\/ca\/\"},{\"@type\":\"ListItem\",\"position\":2,\"name\":\"Xest arrenca un proc\u00e9s participatiu per a dissenyar un refugi clim\u00e0tic a l&#8217;Escola d&#8217;Adults afectada per la DANA\"}]},{\"@type\":\"WebSite\",\"@id\":\"https:\/\/entrepueblos.org\/ca\/#website\",\"url\":\"https:\/\/entrepueblos.org\/ca\/\",\"name\":\"Entrepobles\",\"description\":\"\",\"publisher\":{\"@id\":\"https:\/\/entrepueblos.org\/ca\/#organization\"},\"potentialAction\":[{\"@type\":\"SearchAction\",\"target\":{\"@type\":\"EntryPoint\",\"urlTemplate\":\"https:\/\/entrepueblos.org\/ca\/?s={search_term_string}\"},\"query-input\":{\"@type\":\"PropertyValueSpecification\",\"valueRequired\":true,\"valueName\":\"search_term_string\"}}],\"inLanguage\":\"ca\"},{\"@type\":\"Organization\",\"@id\":\"https:\/\/entrepueblos.org\/ca\/#organization\",\"name\":\"Entrepobles\",\"url\":\"https:\/\/entrepueblos.org\/ca\/\",\"logo\":{\"@type\":\"ImageObject\",\"inLanguage\":\"ca\",\"@id\":\"https:\/\/entrepueblos.org\/ca\/#\/schema\/logo\/image\/\",\"url\":\"https:\/\/entrepueblos.org\/wp-content\/uploads\/2025\/01\/cropped-Group-14-2.png\",\"contentUrl\":\"https:\/\/entrepueblos.org\/wp-content\/uploads\/2025\/01\/cropped-Group-14-2.png\",\"width\":109,\"height\":80,\"caption\":\"Entrepobles\"},\"image\":{\"@id\":\"https:\/\/entrepueblos.org\/ca\/#\/schema\/logo\/image\/\"}},{\"@type\":\"Person\",\"@id\":\"https:\/\/entrepueblos.org\/ca\/#\/schema\/person\/3ccbe8c28f2ae9c2c392e637c729a17f\",\"name\":\"Entrepobles\",\"image\":{\"@type\":\"ImageObject\",\"inLanguage\":\"ca\",\"@id\":\"https:\/\/entrepueblos.org\/ca\/#\/schema\/person\/image\/\",\"url\":\"https:\/\/secure.gravatar.com\/avatar\/bb1de83a559dc4ce10a204eb56c2179a62192254ce6b3417532a2eb6bc6edfcc?s=96&d=mm&r=g\",\"contentUrl\":\"https:\/\/secure.gravatar.com\/avatar\/bb1de83a559dc4ce10a204eb56c2179a62192254ce6b3417532a2eb6bc6edfcc?s=96&d=mm&r=g\",\"caption\":\"Entrepobles\"},\"url\":\"https:\/\/entrepueblos.org\/ca\/author\/entrepobles\/\"}]}<\/script>\n<!-- \/ Yoast SEO plugin. -->","yoast_head_json":{"title":"Xest arrenca un proc\u00e9s participatiu per a dissenyar un refugi clim\u00e0tic a l'Escola d'Adults afectada per la DANA - Entrepobles","robots":{"index":"index","follow":"follow","max-snippet":"max-snippet:-1","max-image-preview":"max-image-preview:large","max-video-preview":"max-video-preview:-1"},"canonical":"https:\/\/entrepueblos.org\/ca\/xest-arrenca-participatiu-refugi-climatic-dana\/","og_locale":"ca_ES","og_type":"article","og_title":"Xest arrenca un proc\u00e9s participatiu per a dissenyar un refugi clim\u00e0tic a l'Escola d'Adults afectada per la DANA - Entrepobles","og_description":"Xest \u2013 Aquest dilluns 27 d\u2019abril comen\u00e7a al Centre de Formaci\u00f3 de Persones Adultes (CFPA) Dori Carmen Rodrigo Ruiz de Cheste un dels eixos fonamentals...","og_url":"https:\/\/entrepueblos.org\/ca\/xest-arrenca-participatiu-refugi-climatic-dana\/","og_site_name":"Entrepobles","article_published_time":"2026-04-27T08:45:13+00:00","article_modified_time":"2026-04-27T08:59:24+00:00","og_image":[{"width":1275,"height":1650,"url":"https:\/\/entrepueblos.org\/wp-content\/uploads\/2026\/04\/A3_Cartell_Refugi_PrimeraSessio_page-0001.jpg","type":"image\/jpeg"}],"author":"Entrepobles","twitter_card":"summary_large_image","twitter_misc":{"Escrit per":"Entrepobles","Temps estimat de lectura":"3 minuts"},"schema":{"@context":"https:\/\/schema.org","@graph":[{"@type":"Article","@id":"https:\/\/entrepueblos.org\/ca\/xest-arrenca-participatiu-refugi-climatic-dana\/#article","isPartOf":{"@id":"https:\/\/entrepueblos.org\/ca\/xest-arrenca-participatiu-refugi-climatic-dana\/"},"author":{"name":"Entrepobles","@id":"https:\/\/entrepueblos.org\/ca\/#\/schema\/person\/3ccbe8c28f2ae9c2c392e637c729a17f"},"headline":"Xest arrenca un proc\u00e9s participatiu per a dissenyar un refugi clim\u00e0tic a l&#8217;Escola d&#8217;Adults afectada per la DANA","datePublished":"2026-04-27T08:45:13+00:00","dateModified":"2026-04-27T08:59:24+00:00","mainEntityOfPage":{"@id":"https:\/\/entrepueblos.org\/ca\/xest-arrenca-participatiu-refugi-climatic-dana\/"},"wordCount":427,"publisher":{"@id":"https:\/\/entrepueblos.org\/ca\/#organization"},"image":{"@id":"https:\/\/entrepueblos.org\/ca\/xest-arrenca-participatiu-refugi-climatic-dana\/#primaryimage"},"thumbnailUrl":"https:\/\/entrepueblos.org\/wp-content\/uploads\/2026\/04\/A3_Cartell_Refugi_PrimeraSessio_page-0001.jpg","articleSection":["Noticias"],"inLanguage":"ca"},{"@type":"WebPage","@id":"https:\/\/entrepueblos.org\/ca\/xest-arrenca-participatiu-refugi-climatic-dana\/","url":"https:\/\/entrepueblos.org\/ca\/xest-arrenca-participatiu-refugi-climatic-dana\/","name":"Xest arrenca un proc\u00e9s participatiu per a dissenyar un refugi clim\u00e0tic a l'Escola d'Adults afectada per la DANA - Entrepobles","isPartOf":{"@id":"https:\/\/entrepueblos.org\/ca\/#website"},"primaryImageOfPage":{"@id":"https:\/\/entrepueblos.org\/ca\/xest-arrenca-participatiu-refugi-climatic-dana\/#primaryimage"},"image":{"@id":"https:\/\/entrepueblos.org\/ca\/xest-arrenca-participatiu-refugi-climatic-dana\/#primaryimage"},"thumbnailUrl":"https:\/\/entrepueblos.org\/wp-content\/uploads\/2026\/04\/A3_Cartell_Refugi_PrimeraSessio_page-0001.jpg","datePublished":"2026-04-27T08:45:13+00:00","dateModified":"2026-04-27T08:59:24+00:00","breadcrumb":{"@id":"https:\/\/entrepueblos.org\/ca\/xest-arrenca-participatiu-refugi-climatic-dana\/#breadcrumb"},"inLanguage":"ca","potentialAction":[{"@type":"ReadAction","target":["https:\/\/entrepueblos.org\/ca\/xest-arrenca-participatiu-refugi-climatic-dana\/"]}]},{"@type":"ImageObject","inLanguage":"ca","@id":"https:\/\/entrepueblos.org\/ca\/xest-arrenca-participatiu-refugi-climatic-dana\/#primaryimage","url":"https:\/\/entrepueblos.org\/wp-content\/uploads\/2026\/04\/A3_Cartell_Refugi_PrimeraSessio_page-0001.jpg","contentUrl":"https:\/\/entrepueblos.org\/wp-content\/uploads\/2026\/04\/A3_Cartell_Refugi_PrimeraSessio_page-0001.jpg","width":1275,"height":1650},{"@type":"BreadcrumbList","@id":"https:\/\/entrepueblos.org\/ca\/xest-arrenca-participatiu-refugi-climatic-dana\/#breadcrumb","itemListElement":[{"@type":"ListItem","position":1,"name":"Portada","item":"https:\/\/entrepueblos.org\/ca\/"},{"@type":"ListItem","position":2,"name":"Xest arrenca un proc\u00e9s participatiu per a dissenyar un refugi clim\u00e0tic a l&#8217;Escola d&#8217;Adults afectada per la DANA"}]},{"@type":"WebSite","@id":"https:\/\/entrepueblos.org\/ca\/#website","url":"https:\/\/entrepueblos.org\/ca\/","name":"Entrepobles","description":"","publisher":{"@id":"https:\/\/entrepueblos.org\/ca\/#organization"},"potentialAction":[{"@type":"SearchAction","target":{"@type":"EntryPoint","urlTemplate":"https:\/\/entrepueblos.org\/ca\/?s={search_term_string}"},"query-input":{"@type":"PropertyValueSpecification","valueRequired":true,"valueName":"search_term_string"}}],"inLanguage":"ca"},{"@type":"Organization","@id":"https:\/\/entrepueblos.org\/ca\/#organization","name":"Entrepobles","url":"https:\/\/entrepueblos.org\/ca\/","logo":{"@type":"ImageObject","inLanguage":"ca","@id":"https:\/\/entrepueblos.org\/ca\/#\/schema\/logo\/image\/","url":"https:\/\/entrepueblos.org\/wp-content\/uploads\/2025\/01\/cropped-Group-14-2.png","contentUrl":"https:\/\/entrepueblos.org\/wp-content\/uploads\/2025\/01\/cropped-Group-14-2.png","width":109,"height":80,"caption":"Entrepobles"},"image":{"@id":"https:\/\/entrepueblos.org\/ca\/#\/schema\/logo\/image\/"}},{"@type":"Person","@id":"https:\/\/entrepueblos.org\/ca\/#\/schema\/person\/3ccbe8c28f2ae9c2c392e637c729a17f","name":"Entrepobles","image":{"@type":"ImageObject","inLanguage":"ca","@id":"https:\/\/entrepueblos.org\/ca\/#\/schema\/person\/image\/","url":"https:\/\/secure.gravatar.com\/avatar\/bb1de83a559dc4ce10a204eb56c2179a62192254ce6b3417532a2eb6bc6edfcc?s=96&d=mm&r=g","contentUrl":"https:\/\/secure.gravatar.com\/avatar\/bb1de83a559dc4ce10a204eb56c2179a62192254ce6b3417532a2eb6bc6edfcc?s=96&d=mm&r=g","caption":"Entrepobles"},"url":"https:\/\/entrepueblos.org\/ca\/author\/entrepobles\/"}]}},"_links":{"self":[{"href":"https:\/\/entrepueblos.org\/ca\/wp-json\/wp\/v2\/posts\/51437","targetHints":{"allow":["GET"]}}],"collection":[{"href":"https:\/\/entrepueblos.org\/ca\/wp-json\/wp\/v2\/posts"}],"about":[{"href":"https:\/\/entrepueblos.org\/ca\/wp-json\/wp\/v2\/types\/post"}],"author":[{"embeddable":true,"href":"https:\/\/entrepueblos.org\/ca\/wp-json\/wp\/v2\/users\/2"}],"replies":[{"embeddable":true,"href":"https:\/\/entrepueblos.org\/ca\/wp-json\/wp\/v2\/comments?post=51437"}],"version-history":[{"count":3,"href":"https:\/\/entrepueblos.org\/ca\/wp-json\/wp\/v2\/posts\/51437\/revisions"}],"predecessor-version":[{"id":51450,"href":"https:\/\/entrepueblos.org\/ca\/wp-json\/wp\/v2\/posts\/51437\/revisions\/51450"}],"wp:featuredmedia":[{"embeddable":true,"href":"https:\/\/entrepueblos.org\/ca\/wp-json\/wp\/v2\/media\/51440"}],"wp:attachment":[{"href":"https:\/\/entrepueblos.org\/ca\/wp-json\/wp\/v2\/media?parent=51437"}],"wp:term":[{"taxonomy":"category","embeddable":true,"href":"https:\/\/entrepueblos.org\/ca\/wp-json\/wp\/v2\/categories?post=51437"},{"taxonomy":"post_tag","embeddable":true,"href":"https:\/\/entrepueblos.org\/ca\/wp-json\/wp\/v2\/tags?post=51437"}],"curies":[{"name":"wp","href":"https:\/\/api.w.org\/{rel}","templated":true}]}}