
	{"id":51357,"date":"2026-04-22T15:09:25","date_gmt":"2026-04-22T13:09:25","guid":{"rendered":"https:\/\/entrepueblos.org\/?p=51357"},"modified":"2026-04-22T16:34:22","modified_gmt":"2026-04-22T14:34:22","slug":"alimentacio-dret-per-totes","status":"publish","type":"post","link":"https:\/\/entrepueblos.org\/ca\/alimentacio-dret-per-totes\/","title":{"rendered":"Entitats catalanes donen suport una iniciativa europea per garantir el dret a l\u2019alimentaci\u00f3 i fan una crida a la participaci\u00f3 ciutadana"},"content":{"rendered":"\n<p>Des de Catalunya s\u2019ha constitu\u00eft recentment un grup motor format per diverses organitzacions: Just\u00edcia Aliment\u00e0ria, la Secci\u00f3 d\u2019Agroecologia d\u2019Ecologistes en Acci\u00f3, Espai Ambiental (Co\u00f2polis), l\u2019Observatori DESCA i Entrepobles amb la voluntat d\u2019impulsar la Iniciativa Ciutadana Europea (ICE) <em>\u201cL\u2019alimentaci\u00f3 \u00e9s un dret per a totes i tots\u201d<\/em>.<\/p>\n\n\n\n<p><strong>Aquesta iniciativa t\u00e9 com a objectiu garantir que el dret a una alimentaci\u00f3 adequada, sostenible i justa sigui reconegut i implementat a nivell europeu<\/strong>, tot mobilitzant la ciutadania i incidint en les pol\u00edtiques p\u00fabliques.<\/p>\n\n\n\n<p>Per a que aix\u00f2 sigui possible, cal recollir<strong> almenys 1.000.000 de signatures de ciutadans de la UE<\/strong> procedents d\u2019almenys <strong>7 pa\u00efsos<\/strong> per a que la <strong>Comissi\u00f3 Europea estigui obligada a estudiar la proposta<\/strong>.&nbsp;<\/p>\n\n\n\n<p>En aquest marc, estem comen\u00e7ant a activar la campanya a Catalunya i a promoure la <strong>recollida de signatures<\/strong>. El seu funcionament \u00e9s molt senzill: a <strong>trav\u00e9s de la plataforma oficial de la Comissi\u00f3 Europea,<\/strong> mitjan\u00e7ant un <strong>enlla\u00e7 o codi QR<\/strong>, i nom\u00e9s requereix introduir <strong>dades b\u00e0siques<\/strong>. (<a href=\"https:\/\/eci.ec.europa.eu\/053\/public?lg=es&amp;form=es\">https:\/\/eci.ec.europa.eu\/053\/public?lg=es&amp;form=es<\/a>)<\/p>\n\n\n\n<figure class=\"wp-block-image\"><img decoding=\"async\" src=\"https:\/\/entrepueblos.org\/wp-content\/uploads\/2026\/04\/Poster-GF4A-GENERICO_REDES-1080x566-1.jpg\" alt=\"\" class=\"wp-image-51358\"\/><\/figure>\n","protected":false},"excerpt":{"rendered":"<p>Des de Catalunya s\u2019ha constitu\u00eft recentment un grup motor format per diverses organitzacions: Just\u00edcia Aliment\u00e0ria, la Secci\u00f3 d\u2019Agroecologia d\u2019Ecologistes en Acci\u00f3, Espai Ambiental (Co\u00f2polis), l\u2019Observatori<a class=\"leer-mas\" href=\"https:\/\/entrepueblos.org\/ca\/alimentacio-dret-per-totes\/\">&#8230;<\/a><\/p>\n","protected":false},"author":2,"featured_media":51358,"comment_status":"closed","ping_status":"closed","sticky":false,"template":"","format":"standard","meta":{"_acf_changed":false,"footnotes":""},"categories":[461],"tags":[],"class_list":["post-51357","post","type-post","status-publish","format-standard","has-post-thumbnail","hentry","category-noticias-ca"],"acf":[],"yoast_head":"<!-- This site is optimized with the Yoast SEO plugin v25.4 - https:\/\/yoast.com\/wordpress\/plugins\/seo\/ -->\n<title>Entitats catalanes donen suport una iniciativa europea per garantir el dret a l\u2019alimentaci\u00f3 i fan una crida a la participaci\u00f3 ciutadana - Entrepobles<\/title>\n<meta name=\"robots\" content=\"index, follow, max-snippet:-1, max-image-preview:large, max-video-preview:-1\" \/>\n<link rel=\"canonical\" href=\"https:\/\/entrepueblos.org\/ca\/alimentacio-dret-per-totes\/\" \/>\n<meta property=\"og:locale\" content=\"ca_ES\" \/>\n<meta property=\"og:type\" content=\"article\" \/>\n<meta property=\"og:title\" content=\"Entitats catalanes donen suport una iniciativa europea per garantir el dret a l\u2019alimentaci\u00f3 i fan una crida a la participaci\u00f3 ciutadana - Entrepobles\" \/>\n<meta property=\"og:description\" content=\"Des de Catalunya s\u2019ha constitu\u00eft recentment un grup motor format per diverses organitzacions: Just\u00edcia Aliment\u00e0ria, la Secci\u00f3 d\u2019Agroecologia d\u2019Ecologistes en Acci\u00f3, Espai Ambiental (Co\u00f2polis), l\u2019Observatori...\" \/>\n<meta property=\"og:url\" content=\"https:\/\/entrepueblos.org\/ca\/alimentacio-dret-per-totes\/\" \/>\n<meta property=\"og:site_name\" content=\"Entrepobles\" \/>\n<meta property=\"article:published_time\" content=\"2026-04-22T13:09:25+00:00\" \/>\n<meta property=\"article:modified_time\" content=\"2026-04-22T14:34:22+00:00\" \/>\n<meta property=\"og:image\" content=\"https:\/\/entrepueblos.org\/wp-content\/uploads\/2026\/04\/Poster-GF4A-GENERICO_REDES-1080x566-1-e1776863494442.jpg\" \/>\n\t<meta property=\"og:image:width\" content=\"2250\" \/>\n\t<meta property=\"og:image:height\" content=\"994\" \/>\n\t<meta property=\"og:image:type\" content=\"image\/jpeg\" \/>\n<meta name=\"author\" content=\"Entrepobles\" \/>\n<meta name=\"twitter:card\" content=\"summary_large_image\" \/>\n<meta name=\"twitter:label1\" content=\"Escrit per\" \/>\n\t<meta name=\"twitter:data1\" content=\"Entrepobles\" \/>\n\t<meta name=\"twitter:label2\" content=\"Temps estimat de lectura\" \/>\n\t<meta name=\"twitter:data2\" content=\"2 minuts\" \/>\n<script type=\"application\/ld+json\" class=\"yoast-schema-graph\">{\"@context\":\"https:\/\/schema.org\",\"@graph\":[{\"@type\":\"Article\",\"@id\":\"https:\/\/entrepueblos.org\/ca\/alimentacio-dret-per-totes\/#article\",\"isPartOf\":{\"@id\":\"https:\/\/entrepueblos.org\/ca\/alimentacio-dret-per-totes\/\"},\"author\":{\"name\":\"Entrepobles\",\"@id\":\"https:\/\/entrepueblos.org\/ca\/#\/schema\/person\/3ccbe8c28f2ae9c2c392e637c729a17f\"},\"headline\":\"Entitats catalanes donen suport una iniciativa europea per garantir el dret a l\u2019alimentaci\u00f3 i fan una crida a la participaci\u00f3 ciutadana\",\"datePublished\":\"2026-04-22T13:09:25+00:00\",\"dateModified\":\"2026-04-22T14:34:22+00:00\",\"mainEntityOfPage\":{\"@id\":\"https:\/\/entrepueblos.org\/ca\/alimentacio-dret-per-totes\/\"},\"wordCount\":210,\"publisher\":{\"@id\":\"https:\/\/entrepueblos.org\/ca\/#organization\"},\"image\":{\"@id\":\"https:\/\/entrepueblos.org\/ca\/alimentacio-dret-per-totes\/#primaryimage\"},\"thumbnailUrl\":\"https:\/\/entrepueblos.org\/wp-content\/uploads\/2026\/04\/Poster-GF4A-GENERICO_REDES-1080x566-1-e1776863494442.jpg\",\"articleSection\":[\"Noticias\"],\"inLanguage\":\"ca\"},{\"@type\":\"WebPage\",\"@id\":\"https:\/\/entrepueblos.org\/ca\/alimentacio-dret-per-totes\/\",\"url\":\"https:\/\/entrepueblos.org\/ca\/alimentacio-dret-per-totes\/\",\"name\":\"Entitats catalanes donen suport una iniciativa europea per garantir el dret a l\u2019alimentaci\u00f3 i fan una crida a la participaci\u00f3 ciutadana - Entrepobles\",\"isPartOf\":{\"@id\":\"https:\/\/entrepueblos.org\/ca\/#website\"},\"primaryImageOfPage\":{\"@id\":\"https:\/\/entrepueblos.org\/ca\/alimentacio-dret-per-totes\/#primaryimage\"},\"image\":{\"@id\":\"https:\/\/entrepueblos.org\/ca\/alimentacio-dret-per-totes\/#primaryimage\"},\"thumbnailUrl\":\"https:\/\/entrepueblos.org\/wp-content\/uploads\/2026\/04\/Poster-GF4A-GENERICO_REDES-1080x566-1-e1776863494442.jpg\",\"datePublished\":\"2026-04-22T13:09:25+00:00\",\"dateModified\":\"2026-04-22T14:34:22+00:00\",\"breadcrumb\":{\"@id\":\"https:\/\/entrepueblos.org\/ca\/alimentacio-dret-per-totes\/#breadcrumb\"},\"inLanguage\":\"ca\",\"potentialAction\":[{\"@type\":\"ReadAction\",\"target\":[\"https:\/\/entrepueblos.org\/ca\/alimentacio-dret-per-totes\/\"]}]},{\"@type\":\"ImageObject\",\"inLanguage\":\"ca\",\"@id\":\"https:\/\/entrepueblos.org\/ca\/alimentacio-dret-per-totes\/#primaryimage\",\"url\":\"https:\/\/entrepueblos.org\/wp-content\/uploads\/2026\/04\/Poster-GF4A-GENERICO_REDES-1080x566-1-e1776863494442.jpg\",\"contentUrl\":\"https:\/\/entrepueblos.org\/wp-content\/uploads\/2026\/04\/Poster-GF4A-GENERICO_REDES-1080x566-1-e1776863494442.jpg\",\"width\":2250,\"height\":994},{\"@type\":\"BreadcrumbList\",\"@id\":\"https:\/\/entrepueblos.org\/ca\/alimentacio-dret-per-totes\/#breadcrumb\",\"itemListElement\":[{\"@type\":\"ListItem\",\"position\":1,\"name\":\"Portada\",\"item\":\"https:\/\/entrepueblos.org\/ca\/\"},{\"@type\":\"ListItem\",\"position\":2,\"name\":\"Entitats catalanes donen suport una iniciativa europea per garantir el dret a l\u2019alimentaci\u00f3 i fan una crida a la participaci\u00f3 ciutadana\"}]},{\"@type\":\"WebSite\",\"@id\":\"https:\/\/entrepueblos.org\/ca\/#website\",\"url\":\"https:\/\/entrepueblos.org\/ca\/\",\"name\":\"Entrepobles\",\"description\":\"\",\"publisher\":{\"@id\":\"https:\/\/entrepueblos.org\/ca\/#organization\"},\"potentialAction\":[{\"@type\":\"SearchAction\",\"target\":{\"@type\":\"EntryPoint\",\"urlTemplate\":\"https:\/\/entrepueblos.org\/ca\/?s={search_term_string}\"},\"query-input\":{\"@type\":\"PropertyValueSpecification\",\"valueRequired\":true,\"valueName\":\"search_term_string\"}}],\"inLanguage\":\"ca\"},{\"@type\":\"Organization\",\"@id\":\"https:\/\/entrepueblos.org\/ca\/#organization\",\"name\":\"Entrepobles\",\"url\":\"https:\/\/entrepueblos.org\/ca\/\",\"logo\":{\"@type\":\"ImageObject\",\"inLanguage\":\"ca\",\"@id\":\"https:\/\/entrepueblos.org\/ca\/#\/schema\/logo\/image\/\",\"url\":\"https:\/\/entrepueblos.org\/wp-content\/uploads\/2025\/01\/cropped-Group-14-2.png\",\"contentUrl\":\"https:\/\/entrepueblos.org\/wp-content\/uploads\/2025\/01\/cropped-Group-14-2.png\",\"width\":109,\"height\":80,\"caption\":\"Entrepobles\"},\"image\":{\"@id\":\"https:\/\/entrepueblos.org\/ca\/#\/schema\/logo\/image\/\"}},{\"@type\":\"Person\",\"@id\":\"https:\/\/entrepueblos.org\/ca\/#\/schema\/person\/3ccbe8c28f2ae9c2c392e637c729a17f\",\"name\":\"Entrepobles\",\"image\":{\"@type\":\"ImageObject\",\"inLanguage\":\"ca\",\"@id\":\"https:\/\/entrepueblos.org\/ca\/#\/schema\/person\/image\/\",\"url\":\"https:\/\/secure.gravatar.com\/avatar\/bb1de83a559dc4ce10a204eb56c2179a62192254ce6b3417532a2eb6bc6edfcc?s=96&d=mm&r=g\",\"contentUrl\":\"https:\/\/secure.gravatar.com\/avatar\/bb1de83a559dc4ce10a204eb56c2179a62192254ce6b3417532a2eb6bc6edfcc?s=96&d=mm&r=g\",\"caption\":\"Entrepobles\"},\"url\":\"https:\/\/entrepueblos.org\/ca\/author\/entrepobles\/\"}]}<\/script>\n<!-- \/ Yoast SEO plugin. -->","yoast_head_json":{"title":"Entitats catalanes donen suport una iniciativa europea per garantir el dret a l\u2019alimentaci\u00f3 i fan una crida a la participaci\u00f3 ciutadana - Entrepobles","robots":{"index":"index","follow":"follow","max-snippet":"max-snippet:-1","max-image-preview":"max-image-preview:large","max-video-preview":"max-video-preview:-1"},"canonical":"https:\/\/entrepueblos.org\/ca\/alimentacio-dret-per-totes\/","og_locale":"ca_ES","og_type":"article","og_title":"Entitats catalanes donen suport una iniciativa europea per garantir el dret a l\u2019alimentaci\u00f3 i fan una crida a la participaci\u00f3 ciutadana - Entrepobles","og_description":"Des de Catalunya s\u2019ha constitu\u00eft recentment un grup motor format per diverses organitzacions: Just\u00edcia Aliment\u00e0ria, la Secci\u00f3 d\u2019Agroecologia d\u2019Ecologistes en Acci\u00f3, Espai Ambiental (Co\u00f2polis), l\u2019Observatori...","og_url":"https:\/\/entrepueblos.org\/ca\/alimentacio-dret-per-totes\/","og_site_name":"Entrepobles","article_published_time":"2026-04-22T13:09:25+00:00","article_modified_time":"2026-04-22T14:34:22+00:00","og_image":[{"width":2250,"height":994,"url":"https:\/\/entrepueblos.org\/wp-content\/uploads\/2026\/04\/Poster-GF4A-GENERICO_REDES-1080x566-1-e1776863494442.jpg","type":"image\/jpeg"}],"author":"Entrepobles","twitter_card":"summary_large_image","twitter_misc":{"Escrit per":"Entrepobles","Temps estimat de lectura":"2 minuts"},"schema":{"@context":"https:\/\/schema.org","@graph":[{"@type":"Article","@id":"https:\/\/entrepueblos.org\/ca\/alimentacio-dret-per-totes\/#article","isPartOf":{"@id":"https:\/\/entrepueblos.org\/ca\/alimentacio-dret-per-totes\/"},"author":{"name":"Entrepobles","@id":"https:\/\/entrepueblos.org\/ca\/#\/schema\/person\/3ccbe8c28f2ae9c2c392e637c729a17f"},"headline":"Entitats catalanes donen suport una iniciativa europea per garantir el dret a l\u2019alimentaci\u00f3 i fan una crida a la participaci\u00f3 ciutadana","datePublished":"2026-04-22T13:09:25+00:00","dateModified":"2026-04-22T14:34:22+00:00","mainEntityOfPage":{"@id":"https:\/\/entrepueblos.org\/ca\/alimentacio-dret-per-totes\/"},"wordCount":210,"publisher":{"@id":"https:\/\/entrepueblos.org\/ca\/#organization"},"image":{"@id":"https:\/\/entrepueblos.org\/ca\/alimentacio-dret-per-totes\/#primaryimage"},"thumbnailUrl":"https:\/\/entrepueblos.org\/wp-content\/uploads\/2026\/04\/Poster-GF4A-GENERICO_REDES-1080x566-1-e1776863494442.jpg","articleSection":["Noticias"],"inLanguage":"ca"},{"@type":"WebPage","@id":"https:\/\/entrepueblos.org\/ca\/alimentacio-dret-per-totes\/","url":"https:\/\/entrepueblos.org\/ca\/alimentacio-dret-per-totes\/","name":"Entitats catalanes donen suport una iniciativa europea per garantir el dret a l\u2019alimentaci\u00f3 i fan una crida a la participaci\u00f3 ciutadana - Entrepobles","isPartOf":{"@id":"https:\/\/entrepueblos.org\/ca\/#website"},"primaryImageOfPage":{"@id":"https:\/\/entrepueblos.org\/ca\/alimentacio-dret-per-totes\/#primaryimage"},"image":{"@id":"https:\/\/entrepueblos.org\/ca\/alimentacio-dret-per-totes\/#primaryimage"},"thumbnailUrl":"https:\/\/entrepueblos.org\/wp-content\/uploads\/2026\/04\/Poster-GF4A-GENERICO_REDES-1080x566-1-e1776863494442.jpg","datePublished":"2026-04-22T13:09:25+00:00","dateModified":"2026-04-22T14:34:22+00:00","breadcrumb":{"@id":"https:\/\/entrepueblos.org\/ca\/alimentacio-dret-per-totes\/#breadcrumb"},"inLanguage":"ca","potentialAction":[{"@type":"ReadAction","target":["https:\/\/entrepueblos.org\/ca\/alimentacio-dret-per-totes\/"]}]},{"@type":"ImageObject","inLanguage":"ca","@id":"https:\/\/entrepueblos.org\/ca\/alimentacio-dret-per-totes\/#primaryimage","url":"https:\/\/entrepueblos.org\/wp-content\/uploads\/2026\/04\/Poster-GF4A-GENERICO_REDES-1080x566-1-e1776863494442.jpg","contentUrl":"https:\/\/entrepueblos.org\/wp-content\/uploads\/2026\/04\/Poster-GF4A-GENERICO_REDES-1080x566-1-e1776863494442.jpg","width":2250,"height":994},{"@type":"BreadcrumbList","@id":"https:\/\/entrepueblos.org\/ca\/alimentacio-dret-per-totes\/#breadcrumb","itemListElement":[{"@type":"ListItem","position":1,"name":"Portada","item":"https:\/\/entrepueblos.org\/ca\/"},{"@type":"ListItem","position":2,"name":"Entitats catalanes donen suport una iniciativa europea per garantir el dret a l\u2019alimentaci\u00f3 i fan una crida a la participaci\u00f3 ciutadana"}]},{"@type":"WebSite","@id":"https:\/\/entrepueblos.org\/ca\/#website","url":"https:\/\/entrepueblos.org\/ca\/","name":"Entrepobles","description":"","publisher":{"@id":"https:\/\/entrepueblos.org\/ca\/#organization"},"potentialAction":[{"@type":"SearchAction","target":{"@type":"EntryPoint","urlTemplate":"https:\/\/entrepueblos.org\/ca\/?s={search_term_string}"},"query-input":{"@type":"PropertyValueSpecification","valueRequired":true,"valueName":"search_term_string"}}],"inLanguage":"ca"},{"@type":"Organization","@id":"https:\/\/entrepueblos.org\/ca\/#organization","name":"Entrepobles","url":"https:\/\/entrepueblos.org\/ca\/","logo":{"@type":"ImageObject","inLanguage":"ca","@id":"https:\/\/entrepueblos.org\/ca\/#\/schema\/logo\/image\/","url":"https:\/\/entrepueblos.org\/wp-content\/uploads\/2025\/01\/cropped-Group-14-2.png","contentUrl":"https:\/\/entrepueblos.org\/wp-content\/uploads\/2025\/01\/cropped-Group-14-2.png","width":109,"height":80,"caption":"Entrepobles"},"image":{"@id":"https:\/\/entrepueblos.org\/ca\/#\/schema\/logo\/image\/"}},{"@type":"Person","@id":"https:\/\/entrepueblos.org\/ca\/#\/schema\/person\/3ccbe8c28f2ae9c2c392e637c729a17f","name":"Entrepobles","image":{"@type":"ImageObject","inLanguage":"ca","@id":"https:\/\/entrepueblos.org\/ca\/#\/schema\/person\/image\/","url":"https:\/\/secure.gravatar.com\/avatar\/bb1de83a559dc4ce10a204eb56c2179a62192254ce6b3417532a2eb6bc6edfcc?s=96&d=mm&r=g","contentUrl":"https:\/\/secure.gravatar.com\/avatar\/bb1de83a559dc4ce10a204eb56c2179a62192254ce6b3417532a2eb6bc6edfcc?s=96&d=mm&r=g","caption":"Entrepobles"},"url":"https:\/\/entrepueblos.org\/ca\/author\/entrepobles\/"}]}},"_links":{"self":[{"href":"https:\/\/entrepueblos.org\/ca\/wp-json\/wp\/v2\/posts\/51357","targetHints":{"allow":["GET"]}}],"collection":[{"href":"https:\/\/entrepueblos.org\/ca\/wp-json\/wp\/v2\/posts"}],"about":[{"href":"https:\/\/entrepueblos.org\/ca\/wp-json\/wp\/v2\/types\/post"}],"author":[{"embeddable":true,"href":"https:\/\/entrepueblos.org\/ca\/wp-json\/wp\/v2\/users\/2"}],"replies":[{"embeddable":true,"href":"https:\/\/entrepueblos.org\/ca\/wp-json\/wp\/v2\/comments?post=51357"}],"version-history":[{"count":3,"href":"https:\/\/entrepueblos.org\/ca\/wp-json\/wp\/v2\/posts\/51357\/revisions"}],"predecessor-version":[{"id":51366,"href":"https:\/\/entrepueblos.org\/ca\/wp-json\/wp\/v2\/posts\/51357\/revisions\/51366"}],"wp:featuredmedia":[{"embeddable":true,"href":"https:\/\/entrepueblos.org\/ca\/wp-json\/wp\/v2\/media\/51358"}],"wp:attachment":[{"href":"https:\/\/entrepueblos.org\/ca\/wp-json\/wp\/v2\/media?parent=51357"}],"wp:term":[{"taxonomy":"category","embeddable":true,"href":"https:\/\/entrepueblos.org\/ca\/wp-json\/wp\/v2\/categories?post=51357"},{"taxonomy":"post_tag","embeddable":true,"href":"https:\/\/entrepueblos.org\/ca\/wp-json\/wp\/v2\/tags?post=51357"}],"curies":[{"name":"wp","href":"https:\/\/api.w.org\/{rel}","templated":true}]}}