
	{"id":49292,"date":"2026-01-20T12:22:43","date_gmt":"2026-01-20T11:22:43","guid":{"rendered":"https:\/\/entrepueblos.org\/?p=49292"},"modified":"2026-04-22T16:34:18","modified_gmt":"2026-04-22T14:34:18","slug":"assemblea-general-entrepobles-2026","status":"publish","type":"post","link":"https:\/\/entrepueblos.org\/ca\/assemblea-general-entrepobles-2026\/","title":{"rendered":"XXXVIII Assemblea General d\u2019Entrepobles: Sostenir la vida, teixir comunitat"},"content":{"rendered":"\n<p>El 9 i 10 de maig al Prat de Llobregat, sota el lema \u00abSostenir la vida \u2013 Teixir comunitat\u00bb<\/p>\n\n\n\n<p>Un any m\u00e9s, ens fa molta il\u00b7lusi\u00f3 convocar-vos a la <strong>XXXVIII Assemblea General d&#8217;Entrepobles\u2013Entrepueblos\u2013Entrepobos\u2013Herriarte<\/strong>, que enguany tindr\u00e0 lloc al Prat de Llobregat (Barcelona) els <strong>dies 9 i 10 de maig.<\/strong><\/p>\n\n\n\n<p>L&#8217;Assemblea General \u00e9s un dels moments clau de la vida de l&#8217;organitzaci\u00f3: un espai compartit on ens trobem persones de tots els territoris, edats i traject\u00f2ries, per a reflexionar col\u00b7lectivament, prendre decisions i dibuixar plegades el cam\u00ed del pr\u00f2xim any. Seran dos dies per a pensar, debatre, escoltar-nos, intercanviar experi\u00e8ncies\u2026 i tamb\u00e9 per a retrobar-nos, cuidar-nos i celebrar que continuem caminant juntes.<\/p>\n\n\n\n<p><strong>Ja tenim disponible el programa de la nostra trobada!<\/strong><\/p>\n\n\n\n<p>La trobada comen\u00e7a el <strong>dissabte 9 de maig<\/strong> amb el retrobament entre persones s\u00f2cies, aliades i companyes. Arrencarem amb un mural col\u00b7laboratiu \u2014on cada assistent portar\u00e0 un objecte que li vincula amb Entrepueblos.<\/p>\n\n\n\n<p>Despr\u00e9s de la benvinguda de la m\u00e0 d&#8217;Ana Ara i Bea Huber, el mat\u00ed es dedicar\u00e0 als assumptes interns de l&#8217;organitzaci\u00f3: aprovaci\u00f3 de la Mem\u00f2ria d&#8217;Activitats 2025, el Balan\u00e7 Econ\u00f2mic i el Pressupost 2026. Tamb\u00e9 es presentar\u00e0 la nova web de Entrepueblos.<\/p>\n\n\n\n<p>El<strong>dissabte 9 de maig<\/strong>, a la tarda, ser\u00e0 el conversatorio p\u00fablic amb el t\u00edtol de <strong>\u00abMirades feministes i ecosocials enfront dels autoritarismes en temps de crisis\u00bb<\/strong> per a sostenir les trames de la vida on veus de l&#8217;Uruguai, el Per\u00fa, Catalunya i Madrid compartiran lectures cr\u00edtiques sobre els reptes feministes i ecosocials del nostre temps. <strong>Participen Carlos Taibo, LilianCeliberti, Paul Maquet i Anna\u00efsFranquesa, amb moderaci\u00f3 de Judith Mu\u00f1oz Saavedra. <mark style=\"background-color:rgba(0, 0, 0, 0)\" class=\"has-inline-color has-vivid-purple-color\"><a href=\"https:\/\/entrepueblos.org\/ca\/agenda\/conversatori-autoritarismes-geopolitica-global-reptes-i-resistencies-feministes-ecosocials\/\">Trobar\u00e0s m\u00e9s informaci\u00f3 sobre l&#8217;esdeveniment a trav\u00e9s d&#8217;aquest enlla\u00e7<\/a><\/mark><\/strong><\/p>\n\n\n\n<p>La jornada tancar\u00e0 amb sopar i ball.<\/p>\n\n\n\n<p>El <strong>diumenge 10<\/strong>, la jornada es converteix en espai de construcci\u00f3 col\u00b7lectiva amb tallers pr\u00e0ctics sobre comunicaci\u00f3 alternativa, acompanyament a moviments socials a l&#8217;Am\u00e8rica Central i eines d&#8217;educaci\u00f3 transformadora. Tot aix\u00f2 arrencar\u00e0 amb una immersi\u00f3 en el Delta del Llobregat com a s\u00edmbol ecosocial del territori.<\/p>\n\n\n\n<p>Com en altres ocasions, durant l&#8217;<strong>Assemblea General <\/strong>es dur\u00e0 a terme de manera simult\u00e0nia l&#8217;<strong>Assemblea Entrepeques<\/strong>, amb activitats pensades per als nens que ens acompanyin. A m\u00e9s, tindran el seu propi espai de presentaci\u00f3 a la plen\u00e0ria final de diumenge.<\/p>\n\n\n\n<p>Us animem tamb\u00e9 a fer c\u00f3rrer la convocat\u00f2ria: parleu amb altres s\u00f2cies i socis, amb persones pr\u00f2ximes a Entrepobles, amb gent que encara no ha vingut mai a una Assemblea. Aquesta trobada \u00e9s de totes i per a totes.<\/p>\n\n\n\n<p><strong><a href=\"https:\/\/entrepueblos.org\/wp-content\/uploads\/2026\/01\/Programa_CAT_Assemblea-a-2026.pdf\">Podeu trobar el programa complet a trav\u00e9s d&#8217;aquest enlla\u00e7<\/a><\/strong><\/p>\n\n\n\n<p>Amb moltes ganes de retrobar-nos, compartir mirades i continuar teixint Entrepueblos col\u00b7lectivament!<\/p>\n\n\n\n<figure class=\"wp-block-image size-large\"><img loading=\"lazy\" decoding=\"async\" width=\"1024\" height=\"576\" src=\"https:\/\/entrepueblos.org\/wp-content\/uploads\/2026\/01\/CAT1-1024x576.png\" alt=\"\" class=\"wp-image-50793\" srcset=\"https:\/\/entrepueblos.org\/wp-content\/uploads\/2026\/01\/CAT1-1024x576.png 1024w, https:\/\/entrepueblos.org\/wp-content\/uploads\/2026\/01\/CAT1-300x169.png 300w, https:\/\/entrepueblos.org\/wp-content\/uploads\/2026\/01\/CAT1-768x432.png 768w, https:\/\/entrepueblos.org\/wp-content\/uploads\/2026\/01\/CAT1-1536x864.png 1536w, https:\/\/entrepueblos.org\/wp-content\/uploads\/2026\/01\/CAT1.png 1600w\" sizes=\"auto, (max-width: 1024px) 100vw, 1024px\" \/><\/figure>\n","protected":false},"excerpt":{"rendered":"<p>El 9 i 10 de maig al Prat de Llobregat, sota el lema \u00abSostenir la vida \u2013 Teixir comunitat\u00bb Un any m\u00e9s, ens fa molta<a class=\"leer-mas\" href=\"https:\/\/entrepueblos.org\/ca\/assemblea-general-entrepobles-2026\/\">&#8230;<\/a><\/p>\n","protected":false},"author":2,"featured_media":50797,"comment_status":"closed","ping_status":"closed","sticky":false,"template":"","format":"standard","meta":{"_acf_changed":false,"footnotes":""},"categories":[461],"tags":[530,528,529],"class_list":["post-49292","post","type-post","status-publish","format-standard","has-post-thumbnail","hentry","category-noticias-ca","tag-530","tag-assemblea-2","tag-entrepobles"],"acf":[],"yoast_head":"<!-- This site is optimized with the Yoast SEO plugin v25.4 - https:\/\/yoast.com\/wordpress\/plugins\/seo\/ -->\n<title>XXXVIII Assemblea General d\u2019Entrepobles: Sostenir la vida, teixir comunitat - Entrepobles<\/title>\n<meta name=\"robots\" content=\"index, follow, max-snippet:-1, max-image-preview:large, max-video-preview:-1\" \/>\n<link rel=\"canonical\" href=\"https:\/\/entrepueblos.org\/ca\/assemblea-general-entrepobles-2026\/\" \/>\n<meta property=\"og:locale\" content=\"ca_ES\" \/>\n<meta property=\"og:type\" content=\"article\" \/>\n<meta property=\"og:title\" content=\"XXXVIII Assemblea General d\u2019Entrepobles: Sostenir la vida, teixir comunitat - Entrepobles\" \/>\n<meta property=\"og:description\" content=\"El 9 i 10 de maig al Prat de Llobregat, sota el lema \u00abSostenir la vida \u2013 Teixir comunitat\u00bb Un any m\u00e9s, ens fa molta...\" \/>\n<meta property=\"og:url\" content=\"https:\/\/entrepueblos.org\/ca\/assemblea-general-entrepobles-2026\/\" \/>\n<meta property=\"og:site_name\" content=\"Entrepobles\" \/>\n<meta property=\"article:published_time\" content=\"2026-01-20T11:22:43+00:00\" \/>\n<meta property=\"article:modified_time\" content=\"2026-04-22T14:34:18+00:00\" \/>\n<meta property=\"og:image\" content=\"https:\/\/entrepueblos.org\/wp-content\/uploads\/2026\/01\/ASAMBLEA-GENERAL_redes_web1-1.png\" \/>\n\t<meta property=\"og:image:width\" content=\"1600\" \/>\n\t<meta property=\"og:image:height\" content=\"900\" \/>\n\t<meta property=\"og:image:type\" content=\"image\/png\" \/>\n<meta name=\"author\" content=\"Entrepobles\" \/>\n<meta name=\"twitter:card\" content=\"summary_large_image\" \/>\n<meta name=\"twitter:label1\" content=\"Escrit per\" \/>\n\t<meta name=\"twitter:data1\" content=\"Entrepobles\" \/>\n\t<meta name=\"twitter:label2\" content=\"Temps estimat de lectura\" \/>\n\t<meta name=\"twitter:data2\" content=\"3 minuts\" \/>\n<script type=\"application\/ld+json\" class=\"yoast-schema-graph\">{\"@context\":\"https:\/\/schema.org\",\"@graph\":[{\"@type\":\"Article\",\"@id\":\"https:\/\/entrepueblos.org\/ca\/assemblea-general-entrepobles-2026\/#article\",\"isPartOf\":{\"@id\":\"https:\/\/entrepueblos.org\/ca\/assemblea-general-entrepobles-2026\/\"},\"author\":{\"name\":\"Entrepobles\",\"@id\":\"https:\/\/entrepueblos.org\/ca\/#\/schema\/person\/3ccbe8c28f2ae9c2c392e637c729a17f\"},\"headline\":\"XXXVIII Assemblea General d\u2019Entrepobles: Sostenir la vida, teixir comunitat\",\"datePublished\":\"2026-01-20T11:22:43+00:00\",\"dateModified\":\"2026-04-22T14:34:18+00:00\",\"mainEntityOfPage\":{\"@id\":\"https:\/\/entrepueblos.org\/ca\/assemblea-general-entrepobles-2026\/\"},\"wordCount\":476,\"publisher\":{\"@id\":\"https:\/\/entrepueblos.org\/ca\/#organization\"},\"image\":{\"@id\":\"https:\/\/entrepueblos.org\/ca\/assemblea-general-entrepobles-2026\/#primaryimage\"},\"thumbnailUrl\":\"https:\/\/entrepueblos.org\/wp-content\/uploads\/2026\/01\/ASAMBLEA-GENERAL_redes_web1-1.png\",\"keywords\":[\"2026\",\"Assemblea\",\"Entrepobles\"],\"articleSection\":[\"Noticias\"],\"inLanguage\":\"ca\"},{\"@type\":\"WebPage\",\"@id\":\"https:\/\/entrepueblos.org\/ca\/assemblea-general-entrepobles-2026\/\",\"url\":\"https:\/\/entrepueblos.org\/ca\/assemblea-general-entrepobles-2026\/\",\"name\":\"XXXVIII Assemblea General d\u2019Entrepobles: Sostenir la vida, teixir comunitat - Entrepobles\",\"isPartOf\":{\"@id\":\"https:\/\/entrepueblos.org\/ca\/#website\"},\"primaryImageOfPage\":{\"@id\":\"https:\/\/entrepueblos.org\/ca\/assemblea-general-entrepobles-2026\/#primaryimage\"},\"image\":{\"@id\":\"https:\/\/entrepueblos.org\/ca\/assemblea-general-entrepobles-2026\/#primaryimage\"},\"thumbnailUrl\":\"https:\/\/entrepueblos.org\/wp-content\/uploads\/2026\/01\/ASAMBLEA-GENERAL_redes_web1-1.png\",\"datePublished\":\"2026-01-20T11:22:43+00:00\",\"dateModified\":\"2026-04-22T14:34:18+00:00\",\"breadcrumb\":{\"@id\":\"https:\/\/entrepueblos.org\/ca\/assemblea-general-entrepobles-2026\/#breadcrumb\"},\"inLanguage\":\"ca\",\"potentialAction\":[{\"@type\":\"ReadAction\",\"target\":[\"https:\/\/entrepueblos.org\/ca\/assemblea-general-entrepobles-2026\/\"]}]},{\"@type\":\"ImageObject\",\"inLanguage\":\"ca\",\"@id\":\"https:\/\/entrepueblos.org\/ca\/assemblea-general-entrepobles-2026\/#primaryimage\",\"url\":\"https:\/\/entrepueblos.org\/wp-content\/uploads\/2026\/01\/ASAMBLEA-GENERAL_redes_web1-1.png\",\"contentUrl\":\"https:\/\/entrepueblos.org\/wp-content\/uploads\/2026\/01\/ASAMBLEA-GENERAL_redes_web1-1.png\",\"width\":1600,\"height\":900},{\"@type\":\"BreadcrumbList\",\"@id\":\"https:\/\/entrepueblos.org\/ca\/assemblea-general-entrepobles-2026\/#breadcrumb\",\"itemListElement\":[{\"@type\":\"ListItem\",\"position\":1,\"name\":\"Portada\",\"item\":\"https:\/\/entrepueblos.org\/ca\/\"},{\"@type\":\"ListItem\",\"position\":2,\"name\":\"XXXVIII Assemblea General d\u2019Entrepobles: Sostenir la vida, teixir comunitat\"}]},{\"@type\":\"WebSite\",\"@id\":\"https:\/\/entrepueblos.org\/ca\/#website\",\"url\":\"https:\/\/entrepueblos.org\/ca\/\",\"name\":\"Entrepobles\",\"description\":\"\",\"publisher\":{\"@id\":\"https:\/\/entrepueblos.org\/ca\/#organization\"},\"potentialAction\":[{\"@type\":\"SearchAction\",\"target\":{\"@type\":\"EntryPoint\",\"urlTemplate\":\"https:\/\/entrepueblos.org\/ca\/?s={search_term_string}\"},\"query-input\":{\"@type\":\"PropertyValueSpecification\",\"valueRequired\":true,\"valueName\":\"search_term_string\"}}],\"inLanguage\":\"ca\"},{\"@type\":\"Organization\",\"@id\":\"https:\/\/entrepueblos.org\/ca\/#organization\",\"name\":\"Entrepobles\",\"url\":\"https:\/\/entrepueblos.org\/ca\/\",\"logo\":{\"@type\":\"ImageObject\",\"inLanguage\":\"ca\",\"@id\":\"https:\/\/entrepueblos.org\/ca\/#\/schema\/logo\/image\/\",\"url\":\"https:\/\/entrepueblos.org\/wp-content\/uploads\/2025\/01\/cropped-Group-14-2.png\",\"contentUrl\":\"https:\/\/entrepueblos.org\/wp-content\/uploads\/2025\/01\/cropped-Group-14-2.png\",\"width\":109,\"height\":80,\"caption\":\"Entrepobles\"},\"image\":{\"@id\":\"https:\/\/entrepueblos.org\/ca\/#\/schema\/logo\/image\/\"}},{\"@type\":\"Person\",\"@id\":\"https:\/\/entrepueblos.org\/ca\/#\/schema\/person\/3ccbe8c28f2ae9c2c392e637c729a17f\",\"name\":\"Entrepobles\",\"image\":{\"@type\":\"ImageObject\",\"inLanguage\":\"ca\",\"@id\":\"https:\/\/entrepueblos.org\/ca\/#\/schema\/person\/image\/\",\"url\":\"https:\/\/secure.gravatar.com\/avatar\/bb1de83a559dc4ce10a204eb56c2179a62192254ce6b3417532a2eb6bc6edfcc?s=96&d=mm&r=g\",\"contentUrl\":\"https:\/\/secure.gravatar.com\/avatar\/bb1de83a559dc4ce10a204eb56c2179a62192254ce6b3417532a2eb6bc6edfcc?s=96&d=mm&r=g\",\"caption\":\"Entrepobles\"},\"url\":\"https:\/\/entrepueblos.org\/ca\/author\/entrepobles\/\"}]}<\/script>\n<!-- \/ Yoast SEO plugin. -->","yoast_head_json":{"title":"XXXVIII Assemblea General d\u2019Entrepobles: Sostenir la vida, teixir comunitat - Entrepobles","robots":{"index":"index","follow":"follow","max-snippet":"max-snippet:-1","max-image-preview":"max-image-preview:large","max-video-preview":"max-video-preview:-1"},"canonical":"https:\/\/entrepueblos.org\/ca\/assemblea-general-entrepobles-2026\/","og_locale":"ca_ES","og_type":"article","og_title":"XXXVIII Assemblea General d\u2019Entrepobles: Sostenir la vida, teixir comunitat - Entrepobles","og_description":"El 9 i 10 de maig al Prat de Llobregat, sota el lema \u00abSostenir la vida \u2013 Teixir comunitat\u00bb Un any m\u00e9s, ens fa molta...","og_url":"https:\/\/entrepueblos.org\/ca\/assemblea-general-entrepobles-2026\/","og_site_name":"Entrepobles","article_published_time":"2026-01-20T11:22:43+00:00","article_modified_time":"2026-04-22T14:34:18+00:00","og_image":[{"width":1600,"height":900,"url":"https:\/\/entrepueblos.org\/wp-content\/uploads\/2026\/01\/ASAMBLEA-GENERAL_redes_web1-1.png","type":"image\/png"}],"author":"Entrepobles","twitter_card":"summary_large_image","twitter_misc":{"Escrit per":"Entrepobles","Temps estimat de lectura":"3 minuts"},"schema":{"@context":"https:\/\/schema.org","@graph":[{"@type":"Article","@id":"https:\/\/entrepueblos.org\/ca\/assemblea-general-entrepobles-2026\/#article","isPartOf":{"@id":"https:\/\/entrepueblos.org\/ca\/assemblea-general-entrepobles-2026\/"},"author":{"name":"Entrepobles","@id":"https:\/\/entrepueblos.org\/ca\/#\/schema\/person\/3ccbe8c28f2ae9c2c392e637c729a17f"},"headline":"XXXVIII Assemblea General d\u2019Entrepobles: Sostenir la vida, teixir comunitat","datePublished":"2026-01-20T11:22:43+00:00","dateModified":"2026-04-22T14:34:18+00:00","mainEntityOfPage":{"@id":"https:\/\/entrepueblos.org\/ca\/assemblea-general-entrepobles-2026\/"},"wordCount":476,"publisher":{"@id":"https:\/\/entrepueblos.org\/ca\/#organization"},"image":{"@id":"https:\/\/entrepueblos.org\/ca\/assemblea-general-entrepobles-2026\/#primaryimage"},"thumbnailUrl":"https:\/\/entrepueblos.org\/wp-content\/uploads\/2026\/01\/ASAMBLEA-GENERAL_redes_web1-1.png","keywords":["2026","Assemblea","Entrepobles"],"articleSection":["Noticias"],"inLanguage":"ca"},{"@type":"WebPage","@id":"https:\/\/entrepueblos.org\/ca\/assemblea-general-entrepobles-2026\/","url":"https:\/\/entrepueblos.org\/ca\/assemblea-general-entrepobles-2026\/","name":"XXXVIII Assemblea General d\u2019Entrepobles: Sostenir la vida, teixir comunitat - Entrepobles","isPartOf":{"@id":"https:\/\/entrepueblos.org\/ca\/#website"},"primaryImageOfPage":{"@id":"https:\/\/entrepueblos.org\/ca\/assemblea-general-entrepobles-2026\/#primaryimage"},"image":{"@id":"https:\/\/entrepueblos.org\/ca\/assemblea-general-entrepobles-2026\/#primaryimage"},"thumbnailUrl":"https:\/\/entrepueblos.org\/wp-content\/uploads\/2026\/01\/ASAMBLEA-GENERAL_redes_web1-1.png","datePublished":"2026-01-20T11:22:43+00:00","dateModified":"2026-04-22T14:34:18+00:00","breadcrumb":{"@id":"https:\/\/entrepueblos.org\/ca\/assemblea-general-entrepobles-2026\/#breadcrumb"},"inLanguage":"ca","potentialAction":[{"@type":"ReadAction","target":["https:\/\/entrepueblos.org\/ca\/assemblea-general-entrepobles-2026\/"]}]},{"@type":"ImageObject","inLanguage":"ca","@id":"https:\/\/entrepueblos.org\/ca\/assemblea-general-entrepobles-2026\/#primaryimage","url":"https:\/\/entrepueblos.org\/wp-content\/uploads\/2026\/01\/ASAMBLEA-GENERAL_redes_web1-1.png","contentUrl":"https:\/\/entrepueblos.org\/wp-content\/uploads\/2026\/01\/ASAMBLEA-GENERAL_redes_web1-1.png","width":1600,"height":900},{"@type":"BreadcrumbList","@id":"https:\/\/entrepueblos.org\/ca\/assemblea-general-entrepobles-2026\/#breadcrumb","itemListElement":[{"@type":"ListItem","position":1,"name":"Portada","item":"https:\/\/entrepueblos.org\/ca\/"},{"@type":"ListItem","position":2,"name":"XXXVIII Assemblea General d\u2019Entrepobles: Sostenir la vida, teixir comunitat"}]},{"@type":"WebSite","@id":"https:\/\/entrepueblos.org\/ca\/#website","url":"https:\/\/entrepueblos.org\/ca\/","name":"Entrepobles","description":"","publisher":{"@id":"https:\/\/entrepueblos.org\/ca\/#organization"},"potentialAction":[{"@type":"SearchAction","target":{"@type":"EntryPoint","urlTemplate":"https:\/\/entrepueblos.org\/ca\/?s={search_term_string}"},"query-input":{"@type":"PropertyValueSpecification","valueRequired":true,"valueName":"search_term_string"}}],"inLanguage":"ca"},{"@type":"Organization","@id":"https:\/\/entrepueblos.org\/ca\/#organization","name":"Entrepobles","url":"https:\/\/entrepueblos.org\/ca\/","logo":{"@type":"ImageObject","inLanguage":"ca","@id":"https:\/\/entrepueblos.org\/ca\/#\/schema\/logo\/image\/","url":"https:\/\/entrepueblos.org\/wp-content\/uploads\/2025\/01\/cropped-Group-14-2.png","contentUrl":"https:\/\/entrepueblos.org\/wp-content\/uploads\/2025\/01\/cropped-Group-14-2.png","width":109,"height":80,"caption":"Entrepobles"},"image":{"@id":"https:\/\/entrepueblos.org\/ca\/#\/schema\/logo\/image\/"}},{"@type":"Person","@id":"https:\/\/entrepueblos.org\/ca\/#\/schema\/person\/3ccbe8c28f2ae9c2c392e637c729a17f","name":"Entrepobles","image":{"@type":"ImageObject","inLanguage":"ca","@id":"https:\/\/entrepueblos.org\/ca\/#\/schema\/person\/image\/","url":"https:\/\/secure.gravatar.com\/avatar\/bb1de83a559dc4ce10a204eb56c2179a62192254ce6b3417532a2eb6bc6edfcc?s=96&d=mm&r=g","contentUrl":"https:\/\/secure.gravatar.com\/avatar\/bb1de83a559dc4ce10a204eb56c2179a62192254ce6b3417532a2eb6bc6edfcc?s=96&d=mm&r=g","caption":"Entrepobles"},"url":"https:\/\/entrepueblos.org\/ca\/author\/entrepobles\/"}]}},"_links":{"self":[{"href":"https:\/\/entrepueblos.org\/ca\/wp-json\/wp\/v2\/posts\/49292","targetHints":{"allow":["GET"]}}],"collection":[{"href":"https:\/\/entrepueblos.org\/ca\/wp-json\/wp\/v2\/posts"}],"about":[{"href":"https:\/\/entrepueblos.org\/ca\/wp-json\/wp\/v2\/types\/post"}],"author":[{"embeddable":true,"href":"https:\/\/entrepueblos.org\/ca\/wp-json\/wp\/v2\/users\/2"}],"replies":[{"embeddable":true,"href":"https:\/\/entrepueblos.org\/ca\/wp-json\/wp\/v2\/comments?post=49292"}],"version-history":[{"count":5,"href":"https:\/\/entrepueblos.org\/ca\/wp-json\/wp\/v2\/posts\/49292\/revisions"}],"predecessor-version":[{"id":51356,"href":"https:\/\/entrepueblos.org\/ca\/wp-json\/wp\/v2\/posts\/49292\/revisions\/51356"}],"wp:featuredmedia":[{"embeddable":true,"href":"https:\/\/entrepueblos.org\/ca\/wp-json\/wp\/v2\/media\/50797"}],"wp:attachment":[{"href":"https:\/\/entrepueblos.org\/ca\/wp-json\/wp\/v2\/media?parent=49292"}],"wp:term":[{"taxonomy":"category","embeddable":true,"href":"https:\/\/entrepueblos.org\/ca\/wp-json\/wp\/v2\/categories?post=49292"},{"taxonomy":"post_tag","embeddable":true,"href":"https:\/\/entrepueblos.org\/ca\/wp-json\/wp\/v2\/tags?post=49292"}],"curies":[{"name":"wp","href":"https:\/\/api.w.org\/{rel}","templated":true}]}}