
	{"id":49078,"date":"2026-01-12T11:15:44","date_gmt":"2026-01-12T10:15:44","guid":{"rendered":"https:\/\/entrepueblos.org\/oferta-de-empleo-tecnica-de-dinamizacion-comunitaria-y-participacion-especializada-en-educacion-y-o-medio-ambiente\/"},"modified":"2026-01-22T15:16:41","modified_gmt":"2026-01-22T14:16:41","slug":"oferta-feina-dinamitzacio-comunitaria-educacio","status":"publish","type":"post","link":"https:\/\/entrepueblos.org\/ca\/oferta-feina-dinamitzacio-comunitaria-educacio\/","title":{"rendered":"Oferta de feina: T\u00e8cnica de dinamitzaci\u00f3 comunit\u00e0ria y participaci\u00f3 (especialitzada en educaci\u00f3 i\/o medi ambient)"},"content":{"rendered":"\n<p>Des de l\u2019<strong>Associaci\u00f3 Entrepobles<\/strong> busquem incorporar al nostre equip una persona amb perfil professional en <strong>dinamitzaci\u00f3 comunit\u00e0ria i participaci\u00f3<\/strong>, especialitzada en educaci\u00f3 i\/o medi ambient, per a treballar en un projecte finan\u00e7at per la <strong>Generalitat Valenciana<\/strong> a la comarca de la <strong>Foia de Bunyol (Xest\u2013Xiva)<\/strong>.<\/p>\n\n\n\n<p>La persona seleccionada desenvolupar\u00e0 tasques de:<\/p>\n\n\n\n<ul class=\"wp-block-list\">\n<li>Garantir l\u2019enfocament operatiu i participatiu del projecte, atenent el treball directe amb la comunitat.<\/li>\n\n\n\n<li>Possibilitar i donar suport a la facilitaci\u00f3 d\u2019activitats.<\/li>\n\n\n\n<li>Identificar actius del territori, crear vincles i activar el territori, aix\u00ed com generar espais de trobada comunitaris.<\/li>\n\n\n\n<li>Afavorir la participaci\u00f3 comunit\u00e0ria en processos educatius i de resili\u00e8ncia clim\u00e0tica.<\/li>\n\n\n\n<li>Gesti\u00f3 de participants.<\/li>\n\n\n\n<li>Coordinar i donar suport a la dinamitzaci\u00f3 d\u2019activitats i trobades ecosocials.<\/li>\n\n\n\n<li>Impulsar i consolidar xarxes i aliances locals i globals per a la sostenibilitat i la cura del territori.<\/li>\n\n\n\n<li>Coordinaci\u00f3, gesti\u00f3 i execuci\u00f3 de les activitats previstes en el projecte, que inclouen:<br>\n<ul class=\"wp-block-list\">\n<li>Organitzaci\u00f3 d\u2019actes, esdeveniments, visites guiades i tallers.<\/li>\n\n\n\n<li>Coordinaci\u00f3 amb agents comunitaris del territori: pol\u00edtics, t\u00e8cnics i ciutadania.<\/li>\n\n\n\n<li>Aplicaci\u00f3 i recopilaci\u00f3 de registres per a fonts de verificaci\u00f3 i avaluaci\u00f3: llistats d\u2019assist\u00e8ncia, autoritzacions d\u2019\u00fas d\u2019imatge, avaluacions, fotografies\u2026<\/li>\n\n\n\n<li>Elaboraci\u00f3 d\u2019informes d\u2019activitats i col\u00b7laboraci\u00f3 en l\u2019elaboraci\u00f3 d\u2019informes de seguiment i finals.<br><\/li>\n<\/ul>\n<\/li>\n<\/ul>\n\n\n\n<p>El lloc s\u2019integra en l\u2019\u00e0rea d\u2019<strong>Educaci\u00f3 per a la Transformaci\u00f3 Social<\/strong> d\u2019Entrepobles al <strong>Pa\u00eds Valenci\u00e0<\/strong> i s\u2019orienta a impulsar la participaci\u00f3 comunit\u00e0ria, la resili\u00e8ncia clim\u00e0tica i la cura col\u00b7lectiva del territori.<\/p>\n\n\n\n<p>Es requereix formaci\u00f3 universit\u00e0ria en l\u2019\u00e0mbit de les <strong>Ci\u00e8ncies Socials<\/strong>, experi\u00e8ncia m\u00ednima de dos anys en projectes comunitaris i domini del <strong>castell\u00e0 i del valenci\u00e0<\/strong>. Es valorar\u00e0 formaci\u00f3 espec\u00edfica en dinamitzaci\u00f3 o mediaci\u00f3 comunit\u00e0ria, aix\u00ed com experi\u00e8ncia pr\u00e8via al territori.<\/p>\n\n\n\n<p>L\u2019oferta contempla una <strong>mitja jornada<\/strong> (18,75 h setmanals), amb una duraci\u00f3 de <strong>15 mesos<\/strong>, <strong>incorporaci\u00f3 immediata<\/strong> i un salari de <strong>16.078,30 \u20ac bruts anuals<\/strong>. \u00c9s necessari disposar de <strong>vehicle propi<\/strong> i disponibilitat per a despla\u00e7ar-se per la comarca.<\/p>\n\n\n\n<p>Tens fins al <strong>1 de febrer <\/strong>per a enviar el teu <strong>curr\u00edculum<\/strong>, una <strong>carta de motivaci\u00f3<\/strong> i <strong>dos contactes de refer\u00e8ncia<\/strong> dels \u00faltims treballs realitzats (nom, organitzaci\u00f3, c\u00e0rrec i tel\u00e8fon de contacte).<\/p>\n\n\n\n<p><a href=\"https:\/\/entrepueblos.org\/wp-content\/uploads\/2026\/01\/EP_TdR-Dinamizacion_castval.pdf\"><strong>Descarrega tota la informaci\u00f3 de l\u2019oferta a trav\u00e9s d\u2019aquest enlla\u00e7.<\/strong><\/a><\/p>\n\n\n\n<p><\/p>\n","protected":false},"excerpt":{"rendered":"<p>Des de l\u2019Associaci\u00f3 Entrepobles busquem incorporar al nostre equip una persona amb perfil professional en dinamitzaci\u00f3 comunit\u00e0ria i participaci\u00f3, especialitzada en educaci\u00f3 i\/o medi ambient,<a class=\"leer-mas\" href=\"https:\/\/entrepueblos.org\/ca\/oferta-feina-dinamitzacio-comunitaria-educacio\/\">&#8230;<\/a><\/p>\n","protected":false},"author":2,"featured_media":49084,"comment_status":"closed","ping_status":"closed","sticky":false,"template":"","format":"standard","meta":{"_acf_changed":false,"footnotes":""},"categories":[461,1],"tags":[506,507,508,509,510],"class_list":["post-49078","post","type-post","status-publish","format-standard","has-post-thumbnail","hentry","category-noticias-ca","category-sin-categoria","tag-dana-ca","tag-educacion-ambiental-ca","tag-educacion-transformadora-ca","tag-oferta-empleo-ca-2","tag-pais-valencia-ca"],"acf":[],"yoast_head":"<!-- This site is optimized with the Yoast SEO plugin v25.4 - https:\/\/yoast.com\/wordpress\/plugins\/seo\/ -->\n<title>Oferta de feina: T\u00e8cnica de dinamitzaci\u00f3 comunit\u00e0ria y participaci\u00f3 (especialitzada en educaci\u00f3 i\/o medi ambient) - Entrepobles<\/title>\n<meta name=\"robots\" content=\"index, follow, max-snippet:-1, max-image-preview:large, max-video-preview:-1\" \/>\n<link rel=\"canonical\" href=\"https:\/\/entrepueblos.org\/ca\/oferta-feina-dinamitzacio-comunitaria-educacio\/\" \/>\n<meta property=\"og:locale\" content=\"ca_ES\" \/>\n<meta property=\"og:type\" content=\"article\" \/>\n<meta property=\"og:title\" content=\"Oferta de feina: T\u00e8cnica de dinamitzaci\u00f3 comunit\u00e0ria y participaci\u00f3 (especialitzada en educaci\u00f3 i\/o medi ambient) - Entrepobles\" \/>\n<meta property=\"og:description\" content=\"Des de l\u2019Associaci\u00f3 Entrepobles busquem incorporar al nostre equip una persona amb perfil professional en dinamitzaci\u00f3 comunit\u00e0ria i participaci\u00f3, especialitzada en educaci\u00f3 i\/o medi ambient,...\" \/>\n<meta property=\"og:url\" content=\"https:\/\/entrepueblos.org\/ca\/oferta-feina-dinamitzacio-comunitaria-educacio\/\" \/>\n<meta property=\"og:site_name\" content=\"Entrepobles\" \/>\n<meta property=\"article:published_time\" content=\"2026-01-12T10:15:44+00:00\" \/>\n<meta property=\"article:modified_time\" content=\"2026-01-22T14:16:41+00:00\" \/>\n<meta property=\"og:image\" content=\"https:\/\/entrepueblos.org\/wp-content\/uploads\/2026\/01\/1.png\" \/>\n\t<meta property=\"og:image:width\" content=\"1600\" \/>\n\t<meta property=\"og:image:height\" content=\"900\" \/>\n\t<meta property=\"og:image:type\" content=\"image\/png\" \/>\n<meta name=\"author\" content=\"Entrepobles\" \/>\n<meta name=\"twitter:card\" content=\"summary_large_image\" \/>\n<meta name=\"twitter:label1\" content=\"Escrit per\" \/>\n\t<meta name=\"twitter:data1\" content=\"Entrepobles\" \/>\n\t<meta name=\"twitter:label2\" content=\"Temps estimat de lectura\" \/>\n\t<meta name=\"twitter:data2\" content=\"2 minuts\" \/>\n<script type=\"application\/ld+json\" class=\"yoast-schema-graph\">{\"@context\":\"https:\/\/schema.org\",\"@graph\":[{\"@type\":\"Article\",\"@id\":\"https:\/\/entrepueblos.org\/ca\/oferta-feina-dinamitzacio-comunitaria-educacio\/#article\",\"isPartOf\":{\"@id\":\"https:\/\/entrepueblos.org\/ca\/oferta-feina-dinamitzacio-comunitaria-educacio\/\"},\"author\":{\"name\":\"Entrepobles\",\"@id\":\"https:\/\/entrepueblos.org\/ca\/#\/schema\/person\/3ccbe8c28f2ae9c2c392e637c729a17f\"},\"headline\":\"Oferta de feina: T\u00e8cnica de dinamitzaci\u00f3 comunit\u00e0ria y participaci\u00f3 (especialitzada en educaci\u00f3 i\/o medi ambient)\",\"datePublished\":\"2026-01-12T10:15:44+00:00\",\"dateModified\":\"2026-01-22T14:16:41+00:00\",\"mainEntityOfPage\":{\"@id\":\"https:\/\/entrepueblos.org\/ca\/oferta-feina-dinamitzacio-comunitaria-educacio\/\"},\"wordCount\":409,\"publisher\":{\"@id\":\"https:\/\/entrepueblos.org\/ca\/#organization\"},\"image\":{\"@id\":\"https:\/\/entrepueblos.org\/ca\/oferta-feina-dinamitzacio-comunitaria-educacio\/#primaryimage\"},\"thumbnailUrl\":\"https:\/\/entrepueblos.org\/wp-content\/uploads\/2026\/01\/1.png\",\"keywords\":[\"DANA\",\"Educaci\u00f3n ambiental\",\"Educaci\u00f3n transformadora\",\"oferta empleo\",\"Pa\u00eds Valenci\u00e0\"],\"articleSection\":[\"Noticias\",\"Sin categor\u00eda\"],\"inLanguage\":\"ca\"},{\"@type\":\"WebPage\",\"@id\":\"https:\/\/entrepueblos.org\/ca\/oferta-feina-dinamitzacio-comunitaria-educacio\/\",\"url\":\"https:\/\/entrepueblos.org\/ca\/oferta-feina-dinamitzacio-comunitaria-educacio\/\",\"name\":\"Oferta de feina: T\u00e8cnica de dinamitzaci\u00f3 comunit\u00e0ria y participaci\u00f3 (especialitzada en educaci\u00f3 i\/o medi ambient) - Entrepobles\",\"isPartOf\":{\"@id\":\"https:\/\/entrepueblos.org\/ca\/#website\"},\"primaryImageOfPage\":{\"@id\":\"https:\/\/entrepueblos.org\/ca\/oferta-feina-dinamitzacio-comunitaria-educacio\/#primaryimage\"},\"image\":{\"@id\":\"https:\/\/entrepueblos.org\/ca\/oferta-feina-dinamitzacio-comunitaria-educacio\/#primaryimage\"},\"thumbnailUrl\":\"https:\/\/entrepueblos.org\/wp-content\/uploads\/2026\/01\/1.png\",\"datePublished\":\"2026-01-12T10:15:44+00:00\",\"dateModified\":\"2026-01-22T14:16:41+00:00\",\"breadcrumb\":{\"@id\":\"https:\/\/entrepueblos.org\/ca\/oferta-feina-dinamitzacio-comunitaria-educacio\/#breadcrumb\"},\"inLanguage\":\"ca\",\"potentialAction\":[{\"@type\":\"ReadAction\",\"target\":[\"https:\/\/entrepueblos.org\/ca\/oferta-feina-dinamitzacio-comunitaria-educacio\/\"]}]},{\"@type\":\"ImageObject\",\"inLanguage\":\"ca\",\"@id\":\"https:\/\/entrepueblos.org\/ca\/oferta-feina-dinamitzacio-comunitaria-educacio\/#primaryimage\",\"url\":\"https:\/\/entrepueblos.org\/wp-content\/uploads\/2026\/01\/1.png\",\"contentUrl\":\"https:\/\/entrepueblos.org\/wp-content\/uploads\/2026\/01\/1.png\",\"width\":1600,\"height\":900},{\"@type\":\"BreadcrumbList\",\"@id\":\"https:\/\/entrepueblos.org\/ca\/oferta-feina-dinamitzacio-comunitaria-educacio\/#breadcrumb\",\"itemListElement\":[{\"@type\":\"ListItem\",\"position\":1,\"name\":\"Portada\",\"item\":\"https:\/\/entrepueblos.org\/ca\/\"},{\"@type\":\"ListItem\",\"position\":2,\"name\":\"Oferta de feina: T\u00e8cnica de dinamitzaci\u00f3 comunit\u00e0ria y participaci\u00f3 (especialitzada en educaci\u00f3 i\/o medi ambient)\"}]},{\"@type\":\"WebSite\",\"@id\":\"https:\/\/entrepueblos.org\/ca\/#website\",\"url\":\"https:\/\/entrepueblos.org\/ca\/\",\"name\":\"Entrepobles\",\"description\":\"\",\"publisher\":{\"@id\":\"https:\/\/entrepueblos.org\/ca\/#organization\"},\"potentialAction\":[{\"@type\":\"SearchAction\",\"target\":{\"@type\":\"EntryPoint\",\"urlTemplate\":\"https:\/\/entrepueblos.org\/ca\/?s={search_term_string}\"},\"query-input\":{\"@type\":\"PropertyValueSpecification\",\"valueRequired\":true,\"valueName\":\"search_term_string\"}}],\"inLanguage\":\"ca\"},{\"@type\":\"Organization\",\"@id\":\"https:\/\/entrepueblos.org\/ca\/#organization\",\"name\":\"Entrepobles\",\"url\":\"https:\/\/entrepueblos.org\/ca\/\",\"logo\":{\"@type\":\"ImageObject\",\"inLanguage\":\"ca\",\"@id\":\"https:\/\/entrepueblos.org\/ca\/#\/schema\/logo\/image\/\",\"url\":\"https:\/\/entrepueblos.org\/wp-content\/uploads\/2025\/01\/cropped-Group-14-2.png\",\"contentUrl\":\"https:\/\/entrepueblos.org\/wp-content\/uploads\/2025\/01\/cropped-Group-14-2.png\",\"width\":109,\"height\":80,\"caption\":\"Entrepobles\"},\"image\":{\"@id\":\"https:\/\/entrepueblos.org\/ca\/#\/schema\/logo\/image\/\"}},{\"@type\":\"Person\",\"@id\":\"https:\/\/entrepueblos.org\/ca\/#\/schema\/person\/3ccbe8c28f2ae9c2c392e637c729a17f\",\"name\":\"Entrepobles\",\"image\":{\"@type\":\"ImageObject\",\"inLanguage\":\"ca\",\"@id\":\"https:\/\/entrepueblos.org\/ca\/#\/schema\/person\/image\/\",\"url\":\"https:\/\/secure.gravatar.com\/avatar\/bb1de83a559dc4ce10a204eb56c2179a62192254ce6b3417532a2eb6bc6edfcc?s=96&d=mm&r=g\",\"contentUrl\":\"https:\/\/secure.gravatar.com\/avatar\/bb1de83a559dc4ce10a204eb56c2179a62192254ce6b3417532a2eb6bc6edfcc?s=96&d=mm&r=g\",\"caption\":\"Entrepobles\"},\"url\":\"https:\/\/entrepueblos.org\/ca\/author\/entrepobles\/\"}]}<\/script>\n<!-- \/ Yoast SEO plugin. -->","yoast_head_json":{"title":"Oferta de feina: T\u00e8cnica de dinamitzaci\u00f3 comunit\u00e0ria y participaci\u00f3 (especialitzada en educaci\u00f3 i\/o medi ambient) - Entrepobles","robots":{"index":"index","follow":"follow","max-snippet":"max-snippet:-1","max-image-preview":"max-image-preview:large","max-video-preview":"max-video-preview:-1"},"canonical":"https:\/\/entrepueblos.org\/ca\/oferta-feina-dinamitzacio-comunitaria-educacio\/","og_locale":"ca_ES","og_type":"article","og_title":"Oferta de feina: T\u00e8cnica de dinamitzaci\u00f3 comunit\u00e0ria y participaci\u00f3 (especialitzada en educaci\u00f3 i\/o medi ambient) - Entrepobles","og_description":"Des de l\u2019Associaci\u00f3 Entrepobles busquem incorporar al nostre equip una persona amb perfil professional en dinamitzaci\u00f3 comunit\u00e0ria i participaci\u00f3, especialitzada en educaci\u00f3 i\/o medi ambient,...","og_url":"https:\/\/entrepueblos.org\/ca\/oferta-feina-dinamitzacio-comunitaria-educacio\/","og_site_name":"Entrepobles","article_published_time":"2026-01-12T10:15:44+00:00","article_modified_time":"2026-01-22T14:16:41+00:00","og_image":[{"width":1600,"height":900,"url":"https:\/\/entrepueblos.org\/wp-content\/uploads\/2026\/01\/1.png","type":"image\/png"}],"author":"Entrepobles","twitter_card":"summary_large_image","twitter_misc":{"Escrit per":"Entrepobles","Temps estimat de lectura":"2 minuts"},"schema":{"@context":"https:\/\/schema.org","@graph":[{"@type":"Article","@id":"https:\/\/entrepueblos.org\/ca\/oferta-feina-dinamitzacio-comunitaria-educacio\/#article","isPartOf":{"@id":"https:\/\/entrepueblos.org\/ca\/oferta-feina-dinamitzacio-comunitaria-educacio\/"},"author":{"name":"Entrepobles","@id":"https:\/\/entrepueblos.org\/ca\/#\/schema\/person\/3ccbe8c28f2ae9c2c392e637c729a17f"},"headline":"Oferta de feina: T\u00e8cnica de dinamitzaci\u00f3 comunit\u00e0ria y participaci\u00f3 (especialitzada en educaci\u00f3 i\/o medi ambient)","datePublished":"2026-01-12T10:15:44+00:00","dateModified":"2026-01-22T14:16:41+00:00","mainEntityOfPage":{"@id":"https:\/\/entrepueblos.org\/ca\/oferta-feina-dinamitzacio-comunitaria-educacio\/"},"wordCount":409,"publisher":{"@id":"https:\/\/entrepueblos.org\/ca\/#organization"},"image":{"@id":"https:\/\/entrepueblos.org\/ca\/oferta-feina-dinamitzacio-comunitaria-educacio\/#primaryimage"},"thumbnailUrl":"https:\/\/entrepueblos.org\/wp-content\/uploads\/2026\/01\/1.png","keywords":["DANA","Educaci\u00f3n ambiental","Educaci\u00f3n transformadora","oferta empleo","Pa\u00eds Valenci\u00e0"],"articleSection":["Noticias","Sin categor\u00eda"],"inLanguage":"ca"},{"@type":"WebPage","@id":"https:\/\/entrepueblos.org\/ca\/oferta-feina-dinamitzacio-comunitaria-educacio\/","url":"https:\/\/entrepueblos.org\/ca\/oferta-feina-dinamitzacio-comunitaria-educacio\/","name":"Oferta de feina: T\u00e8cnica de dinamitzaci\u00f3 comunit\u00e0ria y participaci\u00f3 (especialitzada en educaci\u00f3 i\/o medi ambient) - Entrepobles","isPartOf":{"@id":"https:\/\/entrepueblos.org\/ca\/#website"},"primaryImageOfPage":{"@id":"https:\/\/entrepueblos.org\/ca\/oferta-feina-dinamitzacio-comunitaria-educacio\/#primaryimage"},"image":{"@id":"https:\/\/entrepueblos.org\/ca\/oferta-feina-dinamitzacio-comunitaria-educacio\/#primaryimage"},"thumbnailUrl":"https:\/\/entrepueblos.org\/wp-content\/uploads\/2026\/01\/1.png","datePublished":"2026-01-12T10:15:44+00:00","dateModified":"2026-01-22T14:16:41+00:00","breadcrumb":{"@id":"https:\/\/entrepueblos.org\/ca\/oferta-feina-dinamitzacio-comunitaria-educacio\/#breadcrumb"},"inLanguage":"ca","potentialAction":[{"@type":"ReadAction","target":["https:\/\/entrepueblos.org\/ca\/oferta-feina-dinamitzacio-comunitaria-educacio\/"]}]},{"@type":"ImageObject","inLanguage":"ca","@id":"https:\/\/entrepueblos.org\/ca\/oferta-feina-dinamitzacio-comunitaria-educacio\/#primaryimage","url":"https:\/\/entrepueblos.org\/wp-content\/uploads\/2026\/01\/1.png","contentUrl":"https:\/\/entrepueblos.org\/wp-content\/uploads\/2026\/01\/1.png","width":1600,"height":900},{"@type":"BreadcrumbList","@id":"https:\/\/entrepueblos.org\/ca\/oferta-feina-dinamitzacio-comunitaria-educacio\/#breadcrumb","itemListElement":[{"@type":"ListItem","position":1,"name":"Portada","item":"https:\/\/entrepueblos.org\/ca\/"},{"@type":"ListItem","position":2,"name":"Oferta de feina: T\u00e8cnica de dinamitzaci\u00f3 comunit\u00e0ria y participaci\u00f3 (especialitzada en educaci\u00f3 i\/o medi ambient)"}]},{"@type":"WebSite","@id":"https:\/\/entrepueblos.org\/ca\/#website","url":"https:\/\/entrepueblos.org\/ca\/","name":"Entrepobles","description":"","publisher":{"@id":"https:\/\/entrepueblos.org\/ca\/#organization"},"potentialAction":[{"@type":"SearchAction","target":{"@type":"EntryPoint","urlTemplate":"https:\/\/entrepueblos.org\/ca\/?s={search_term_string}"},"query-input":{"@type":"PropertyValueSpecification","valueRequired":true,"valueName":"search_term_string"}}],"inLanguage":"ca"},{"@type":"Organization","@id":"https:\/\/entrepueblos.org\/ca\/#organization","name":"Entrepobles","url":"https:\/\/entrepueblos.org\/ca\/","logo":{"@type":"ImageObject","inLanguage":"ca","@id":"https:\/\/entrepueblos.org\/ca\/#\/schema\/logo\/image\/","url":"https:\/\/entrepueblos.org\/wp-content\/uploads\/2025\/01\/cropped-Group-14-2.png","contentUrl":"https:\/\/entrepueblos.org\/wp-content\/uploads\/2025\/01\/cropped-Group-14-2.png","width":109,"height":80,"caption":"Entrepobles"},"image":{"@id":"https:\/\/entrepueblos.org\/ca\/#\/schema\/logo\/image\/"}},{"@type":"Person","@id":"https:\/\/entrepueblos.org\/ca\/#\/schema\/person\/3ccbe8c28f2ae9c2c392e637c729a17f","name":"Entrepobles","image":{"@type":"ImageObject","inLanguage":"ca","@id":"https:\/\/entrepueblos.org\/ca\/#\/schema\/person\/image\/","url":"https:\/\/secure.gravatar.com\/avatar\/bb1de83a559dc4ce10a204eb56c2179a62192254ce6b3417532a2eb6bc6edfcc?s=96&d=mm&r=g","contentUrl":"https:\/\/secure.gravatar.com\/avatar\/bb1de83a559dc4ce10a204eb56c2179a62192254ce6b3417532a2eb6bc6edfcc?s=96&d=mm&r=g","caption":"Entrepobles"},"url":"https:\/\/entrepueblos.org\/ca\/author\/entrepobles\/"}]}},"_links":{"self":[{"href":"https:\/\/entrepueblos.org\/ca\/wp-json\/wp\/v2\/posts\/49078","targetHints":{"allow":["GET"]}}],"collection":[{"href":"https:\/\/entrepueblos.org\/ca\/wp-json\/wp\/v2\/posts"}],"about":[{"href":"https:\/\/entrepueblos.org\/ca\/wp-json\/wp\/v2\/types\/post"}],"author":[{"embeddable":true,"href":"https:\/\/entrepueblos.org\/ca\/wp-json\/wp\/v2\/users\/2"}],"replies":[{"embeddable":true,"href":"https:\/\/entrepueblos.org\/ca\/wp-json\/wp\/v2\/comments?post=49078"}],"version-history":[{"count":5,"href":"https:\/\/entrepueblos.org\/ca\/wp-json\/wp\/v2\/posts\/49078\/revisions"}],"predecessor-version":[{"id":49311,"href":"https:\/\/entrepueblos.org\/ca\/wp-json\/wp\/v2\/posts\/49078\/revisions\/49311"}],"wp:featuredmedia":[{"embeddable":true,"href":"https:\/\/entrepueblos.org\/ca\/wp-json\/wp\/v2\/media\/49084"}],"wp:attachment":[{"href":"https:\/\/entrepueblos.org\/ca\/wp-json\/wp\/v2\/media?parent=49078"}],"wp:term":[{"taxonomy":"category","embeddable":true,"href":"https:\/\/entrepueblos.org\/ca\/wp-json\/wp\/v2\/categories?post=49078"},{"taxonomy":"post_tag","embeddable":true,"href":"https:\/\/entrepueblos.org\/ca\/wp-json\/wp\/v2\/tags?post=49078"}],"curies":[{"name":"wp","href":"https:\/\/api.w.org\/{rel}","templated":true}]}}