
	{"id":49032,"date":"2026-01-07T09:15:46","date_gmt":"2026-01-07T08:15:46","guid":{"rendered":"https:\/\/entrepueblos.org\/comunicado-venezuela-estados-unidos\/"},"modified":"2026-01-08T09:29:06","modified_gmt":"2026-01-08T08:29:06","slug":"comunicat-venecuela-estats-units","status":"publish","type":"post","link":"https:\/\/entrepueblos.org\/ca\/comunicat-venecuela-estats-units\/","title":{"rendered":"Posicionament davant la intervenci\u00f3 militar i les accions violentes perpetrades pels Estats Units a Vene\u00e7uela"},"content":{"rendered":"\n<p>Des d&#8217;<strong>Entrepobles-Entrepueblos-Entrepobos-Herriarte <\/strong>expressem la nostra solidaritat amb el poble vene\u00e7ol\u00e0, amb les dones, comunitats i moviments populars que avui tornen a ser objecte d&#8217;una agressi\u00f3 externa que vulnera greument el dret internacional i amena\u00e7a la sobirania dels pobles d&#8217;Am\u00e8rica Llatina i el Carib.<\/p>\n\n\n\n<p>Condemnem de manera categ\u00f2rica la intervenci\u00f3 militar i les accions violentes perpetrades pels Estats Units contra Vene\u00e7uela, aix\u00ed com el segrest de Nicol\u00e1s Maduro la matinada del 3 de gener de 2026. Aquests fets constitueixen un crim d&#8217;agressi\u00f3, tal com es defineix en el dret internacional, i una violaci\u00f3 flagrant de la Carta de les Nacions Unides, que prohibeix l\u2019\u00fas de la for\u00e7a, reconeix la sobirania dels estats i defensa el dret dels pobles a l&#8217;autodeterminaci\u00f3.<\/p>\n\n\n\n<p>Aquesta agressi\u00f3 es produeix en un context de canvi profund de paradigma pol\u00edtic i geopol\u00edtic, en qu\u00e8 les formes de dominaci\u00f3 ja s&#8217;expressen sense dissimulaci\u00f3. El president nord-americ\u00e0, Donald Trump, ha reconegut obertament que l&#8217;objectiu d&#8217;aquesta intervenci\u00f3 \u00e9s garantir el control dels recursos estrat\u00e8gics \u2014especialment el petroli\u2014 per a les grans corporacions nord-americanes. L&#8217;apel\u00b7laci\u00f3 a una suposada transici\u00f3 pac\u00edfica i controlada no respon a una defensa de la democr\u00e0cia, sin\u00f3 a la voluntat expl\u00edcita d&#8217;assegurar un nou cicle de saqueig i subordinaci\u00f3.<\/p>\n\n\n\n<p>La hist\u00f2ria d&#8217;Abya Yala demostra amb claredat que la viol\u00e8ncia, la inger\u00e8ncia i la imposici\u00f3 externa mai no han portat democr\u00e0cia, just\u00edcia ni pau. Per contra, han deixat un rastre de guerres, saqueig, autoritarisme i patiment per als pobles del continent. Com ha assenyalat la periodista Olga Rodr\u00edguez, que despr\u00e9s de la invasi\u00f3 il\u00b7legal de l&#8217;Iraq o del genocidi a Gaza es torni a justificar una agressi\u00f3 militar en nom de la \u201cdemocr\u00e0cia\u201d constitueix un insult a la intel\u00b7lig\u00e8ncia col\u00b7lectiva i als fets.<\/p>\n\n\n\n<p>Advertim tamb\u00e9 del precedent extremadament perill\u00f3s que suposa aquesta agressi\u00f3: la normalitzaci\u00f3 de la violaci\u00f3 del dret internacional, el menyspreu obert als mecanismes multilaterals i la substituci\u00f3 del di\u00e0leg pol\u00edtic per la llei del m\u00e9s fort. Les institucions multilaterals, amb totes les seves limitacions, queden relegades a la irrellev\u00e0ncia quan les grans pot\u00e8ncies actuen de manera unilateral, afeblint els escassos marcs que han servit per contenir la barb\u00e0rie.<\/p>\n\n\n\n<p>Aquesta ofensiva no amena\u00e7a \u00fanicament el poble vene\u00e7ol\u00e0. El conjunt d&#8217;Am\u00e8rica Llatina i el Carib viu avui sota la pressi\u00f3 i l&#8217;amena\u00e7a directa d&#8217;estrat\u00e8gies d&#8217;inger\u00e8ncia i de dominaci\u00f3 que reactualitzen velles l\u00f2giques colonials i posen en risc la pau regional, la sobirania dels Estats i els drets de les majories socials.<\/p>\n\n\n\n<p>Ens sumem a les veus dels moviments feministes, populars i internacionalistes que exigeixen el cessament immediat de l&#8217;agressi\u00f3 militar, el respecte a la sobirania vene\u00e7olana sobre el seu territori, la pol\u00edtica, els recursos i els b\u00e9ns comuns, i un pronunciament clar dels governs de la regi\u00f3 davant qualsevol forma d&#8217;inger\u00e8ncia externa.<\/p>\n\n\n\n<p>Defensem la sobirania popular sense inger\u00e8ncies externes ni imposicions il\u00b7leg\u00edtimes, en un entorn de respecte als drets humans i a les llibertats de les organitzacions socials i comunitats, incl\u00f2s el dret a la protesta, l&#8217;organitzaci\u00f3 i la participaci\u00f3 pol\u00edtica.<\/p>\n\n\n\n<p>Reafirmem que cap agressi\u00f3 armada t\u00e9 justificaci\u00f3, i encara menys quan se sost\u00e9 en narratives que encobreixen interessos econ\u00f2mics, geopol\u00edtics i de dominaci\u00f3. Apostem pel di\u00e0leg pol\u00edtic, la resoluci\u00f3 pac\u00edfica dels conflictes i el cessament immediat de tota acci\u00f3 que posi en risc la vida, la dignitat i la pau dels pobles.<\/p>\n\n\n\n<p>Com a organitzaci\u00f3 compromesa amb la just\u00edcia global, la sobirania dels pobles i l&#8217;internacionalisme feminista, reafirmem el nostre comprom\u00eds de continuar denunciant les guerres, el militarisme i les din\u00e0miques de dominaci\u00f3, i seguir teixint solidaritats per sostenir la vida.<\/p>\n\n\n\n<p>\u270b\ud83c\udffd <strong>No a la intervenci\u00f3 militar.<\/strong><\/p>\n\n\n\n<p>\ud83d\udde3 <strong>S\u00ed a la sobirania i a l&#8217;autodeterminaci\u00f3 dels pobles.<\/strong><\/p>\n\n\n\n<p><strong>Fora Estats Units de Vene\u00e7uela!<\/strong><\/p>\n\n\n\n<p><strong>Fora Trump d&#8217;Am\u00e8rica Llatina i el Carib!<\/strong><\/p>\n","protected":false},"excerpt":{"rendered":"<p>Des d&#8217;Entrepobles-Entrepueblos-Entrepobos-Herriarte expressem la nostra solidaritat amb el poble vene\u00e7ol\u00e0, amb les dones, comunitats i moviments populars que avui tornen a ser objecte d&#8217;una agressi\u00f3<a class=\"leer-mas\" href=\"https:\/\/entrepueblos.org\/ca\/comunicat-venecuela-estats-units\/\">&#8230;<\/a><\/p>\n","protected":false},"author":2,"featured_media":49030,"comment_status":"closed","ping_status":"closed","sticky":false,"template":"","format":"standard","meta":{"_acf_changed":false,"footnotes":""},"categories":[497],"tags":[462,498,499,500],"class_list":["post-49032","post","type-post","status-publish","format-standard","has-post-thumbnail","hentry","category-comunicados-eu-ca","tag-activistasporlavida-ca-2","tag-estados-unidos-ca","tag-trump-ca","tag-venezuela-ca"],"acf":[],"yoast_head":"<!-- This site is optimized with the Yoast SEO plugin v25.4 - https:\/\/yoast.com\/wordpress\/plugins\/seo\/ -->\n<title>Posicionament davant la intervenci\u00f3 militar i les accions violentes perpetrades pels Estats Units a Vene\u00e7uela - Entrepobles<\/title>\n<meta name=\"robots\" content=\"index, follow, max-snippet:-1, max-image-preview:large, max-video-preview:-1\" \/>\n<link rel=\"canonical\" href=\"https:\/\/entrepueblos.org\/ca\/comunicat-venecuela-estats-units\/\" \/>\n<meta property=\"og:locale\" content=\"ca_ES\" \/>\n<meta property=\"og:type\" content=\"article\" \/>\n<meta property=\"og:title\" content=\"Posicionament davant la intervenci\u00f3 militar i les accions violentes perpetrades pels Estats Units a Vene\u00e7uela - Entrepobles\" \/>\n<meta property=\"og:description\" content=\"Des d&#8217;Entrepobles-Entrepueblos-Entrepobos-Herriarte expressem la nostra solidaritat amb el poble vene\u00e7ol\u00e0, amb les dones, comunitats i moviments populars que avui tornen a ser objecte d&#8217;una agressi\u00f3...\" \/>\n<meta property=\"og:url\" content=\"https:\/\/entrepueblos.org\/ca\/comunicat-venecuela-estats-units\/\" \/>\n<meta property=\"og:site_name\" content=\"Entrepobles\" \/>\n<meta property=\"article:published_time\" content=\"2026-01-07T08:15:46+00:00\" \/>\n<meta property=\"article:modified_time\" content=\"2026-01-08T08:29:06+00:00\" \/>\n<meta property=\"og:image\" content=\"https:\/\/entrepueblos.org\/wp-content\/uploads\/2026\/01\/Murcia_photo_2026-01-06_13-39-16.jpg\" \/>\n\t<meta property=\"og:image:width\" content=\"1280\" \/>\n\t<meta property=\"og:image:height\" content=\"960\" \/>\n\t<meta property=\"og:image:type\" content=\"image\/jpeg\" \/>\n<meta name=\"author\" content=\"Entrepobles\" \/>\n<meta name=\"twitter:card\" content=\"summary_large_image\" \/>\n<meta name=\"twitter:label1\" content=\"Escrit per\" \/>\n\t<meta name=\"twitter:data1\" content=\"Entrepobles\" \/>\n\t<meta name=\"twitter:label2\" content=\"Temps estimat de lectura\" \/>\n\t<meta name=\"twitter:data2\" content=\"4 minuts\" \/>\n<script type=\"application\/ld+json\" class=\"yoast-schema-graph\">{\"@context\":\"https:\/\/schema.org\",\"@graph\":[{\"@type\":\"Article\",\"@id\":\"https:\/\/entrepueblos.org\/ca\/comunicat-venecuela-estats-units\/#article\",\"isPartOf\":{\"@id\":\"https:\/\/entrepueblos.org\/ca\/comunicat-venecuela-estats-units\/\"},\"author\":{\"name\":\"Entrepobles\",\"@id\":\"https:\/\/entrepueblos.org\/ca\/#\/schema\/person\/3ccbe8c28f2ae9c2c392e637c729a17f\"},\"headline\":\"Posicionament davant la intervenci\u00f3 militar i les accions violentes perpetrades pels Estats Units a Vene\u00e7uela\",\"datePublished\":\"2026-01-07T08:15:46+00:00\",\"dateModified\":\"2026-01-08T08:29:06+00:00\",\"mainEntityOfPage\":{\"@id\":\"https:\/\/entrepueblos.org\/ca\/comunicat-venecuela-estats-units\/\"},\"wordCount\":706,\"publisher\":{\"@id\":\"https:\/\/entrepueblos.org\/ca\/#organization\"},\"image\":{\"@id\":\"https:\/\/entrepueblos.org\/ca\/comunicat-venecuela-estats-units\/#primaryimage\"},\"thumbnailUrl\":\"https:\/\/entrepueblos.org\/wp-content\/uploads\/2026\/01\/Murcia_photo_2026-01-06_13-39-16.jpg\",\"keywords\":[\"activistasporlavida\",\"Estados Unidos\",\"Trump\",\"Venezuela\"],\"articleSection\":[\"Comunicados\"],\"inLanguage\":\"ca\"},{\"@type\":\"WebPage\",\"@id\":\"https:\/\/entrepueblos.org\/ca\/comunicat-venecuela-estats-units\/\",\"url\":\"https:\/\/entrepueblos.org\/ca\/comunicat-venecuela-estats-units\/\",\"name\":\"Posicionament davant la intervenci\u00f3 militar i les accions violentes perpetrades pels Estats Units a Vene\u00e7uela - Entrepobles\",\"isPartOf\":{\"@id\":\"https:\/\/entrepueblos.org\/ca\/#website\"},\"primaryImageOfPage\":{\"@id\":\"https:\/\/entrepueblos.org\/ca\/comunicat-venecuela-estats-units\/#primaryimage\"},\"image\":{\"@id\":\"https:\/\/entrepueblos.org\/ca\/comunicat-venecuela-estats-units\/#primaryimage\"},\"thumbnailUrl\":\"https:\/\/entrepueblos.org\/wp-content\/uploads\/2026\/01\/Murcia_photo_2026-01-06_13-39-16.jpg\",\"datePublished\":\"2026-01-07T08:15:46+00:00\",\"dateModified\":\"2026-01-08T08:29:06+00:00\",\"breadcrumb\":{\"@id\":\"https:\/\/entrepueblos.org\/ca\/comunicat-venecuela-estats-units\/#breadcrumb\"},\"inLanguage\":\"ca\",\"potentialAction\":[{\"@type\":\"ReadAction\",\"target\":[\"https:\/\/entrepueblos.org\/ca\/comunicat-venecuela-estats-units\/\"]}]},{\"@type\":\"ImageObject\",\"inLanguage\":\"ca\",\"@id\":\"https:\/\/entrepueblos.org\/ca\/comunicat-venecuela-estats-units\/#primaryimage\",\"url\":\"https:\/\/entrepueblos.org\/wp-content\/uploads\/2026\/01\/Murcia_photo_2026-01-06_13-39-16.jpg\",\"contentUrl\":\"https:\/\/entrepueblos.org\/wp-content\/uploads\/2026\/01\/Murcia_photo_2026-01-06_13-39-16.jpg\",\"width\":1280,\"height\":960},{\"@type\":\"BreadcrumbList\",\"@id\":\"https:\/\/entrepueblos.org\/ca\/comunicat-venecuela-estats-units\/#breadcrumb\",\"itemListElement\":[{\"@type\":\"ListItem\",\"position\":1,\"name\":\"Portada\",\"item\":\"https:\/\/entrepueblos.org\/ca\/\"},{\"@type\":\"ListItem\",\"position\":2,\"name\":\"Posicionament davant la intervenci\u00f3 militar i les accions violentes perpetrades pels Estats Units a Vene\u00e7uela\"}]},{\"@type\":\"WebSite\",\"@id\":\"https:\/\/entrepueblos.org\/ca\/#website\",\"url\":\"https:\/\/entrepueblos.org\/ca\/\",\"name\":\"Entrepobles\",\"description\":\"\",\"publisher\":{\"@id\":\"https:\/\/entrepueblos.org\/ca\/#organization\"},\"potentialAction\":[{\"@type\":\"SearchAction\",\"target\":{\"@type\":\"EntryPoint\",\"urlTemplate\":\"https:\/\/entrepueblos.org\/ca\/?s={search_term_string}\"},\"query-input\":{\"@type\":\"PropertyValueSpecification\",\"valueRequired\":true,\"valueName\":\"search_term_string\"}}],\"inLanguage\":\"ca\"},{\"@type\":\"Organization\",\"@id\":\"https:\/\/entrepueblos.org\/ca\/#organization\",\"name\":\"Entrepobles\",\"url\":\"https:\/\/entrepueblos.org\/ca\/\",\"logo\":{\"@type\":\"ImageObject\",\"inLanguage\":\"ca\",\"@id\":\"https:\/\/entrepueblos.org\/ca\/#\/schema\/logo\/image\/\",\"url\":\"https:\/\/entrepueblos.org\/wp-content\/uploads\/2025\/01\/cropped-Group-14-2.png\",\"contentUrl\":\"https:\/\/entrepueblos.org\/wp-content\/uploads\/2025\/01\/cropped-Group-14-2.png\",\"width\":109,\"height\":80,\"caption\":\"Entrepobles\"},\"image\":{\"@id\":\"https:\/\/entrepueblos.org\/ca\/#\/schema\/logo\/image\/\"}},{\"@type\":\"Person\",\"@id\":\"https:\/\/entrepueblos.org\/ca\/#\/schema\/person\/3ccbe8c28f2ae9c2c392e637c729a17f\",\"name\":\"Entrepobles\",\"image\":{\"@type\":\"ImageObject\",\"inLanguage\":\"ca\",\"@id\":\"https:\/\/entrepueblos.org\/ca\/#\/schema\/person\/image\/\",\"url\":\"https:\/\/secure.gravatar.com\/avatar\/bb1de83a559dc4ce10a204eb56c2179a62192254ce6b3417532a2eb6bc6edfcc?s=96&d=mm&r=g\",\"contentUrl\":\"https:\/\/secure.gravatar.com\/avatar\/bb1de83a559dc4ce10a204eb56c2179a62192254ce6b3417532a2eb6bc6edfcc?s=96&d=mm&r=g\",\"caption\":\"Entrepobles\"},\"url\":\"https:\/\/entrepueblos.org\/ca\/author\/entrepobles\/\"}]}<\/script>\n<!-- \/ Yoast SEO plugin. -->","yoast_head_json":{"title":"Posicionament davant la intervenci\u00f3 militar i les accions violentes perpetrades pels Estats Units a Vene\u00e7uela - Entrepobles","robots":{"index":"index","follow":"follow","max-snippet":"max-snippet:-1","max-image-preview":"max-image-preview:large","max-video-preview":"max-video-preview:-1"},"canonical":"https:\/\/entrepueblos.org\/ca\/comunicat-venecuela-estats-units\/","og_locale":"ca_ES","og_type":"article","og_title":"Posicionament davant la intervenci\u00f3 militar i les accions violentes perpetrades pels Estats Units a Vene\u00e7uela - Entrepobles","og_description":"Des d&#8217;Entrepobles-Entrepueblos-Entrepobos-Herriarte expressem la nostra solidaritat amb el poble vene\u00e7ol\u00e0, amb les dones, comunitats i moviments populars que avui tornen a ser objecte d&#8217;una agressi\u00f3...","og_url":"https:\/\/entrepueblos.org\/ca\/comunicat-venecuela-estats-units\/","og_site_name":"Entrepobles","article_published_time":"2026-01-07T08:15:46+00:00","article_modified_time":"2026-01-08T08:29:06+00:00","og_image":[{"width":1280,"height":960,"url":"https:\/\/entrepueblos.org\/wp-content\/uploads\/2026\/01\/Murcia_photo_2026-01-06_13-39-16.jpg","type":"image\/jpeg"}],"author":"Entrepobles","twitter_card":"summary_large_image","twitter_misc":{"Escrit per":"Entrepobles","Temps estimat de lectura":"4 minuts"},"schema":{"@context":"https:\/\/schema.org","@graph":[{"@type":"Article","@id":"https:\/\/entrepueblos.org\/ca\/comunicat-venecuela-estats-units\/#article","isPartOf":{"@id":"https:\/\/entrepueblos.org\/ca\/comunicat-venecuela-estats-units\/"},"author":{"name":"Entrepobles","@id":"https:\/\/entrepueblos.org\/ca\/#\/schema\/person\/3ccbe8c28f2ae9c2c392e637c729a17f"},"headline":"Posicionament davant la intervenci\u00f3 militar i les accions violentes perpetrades pels Estats Units a Vene\u00e7uela","datePublished":"2026-01-07T08:15:46+00:00","dateModified":"2026-01-08T08:29:06+00:00","mainEntityOfPage":{"@id":"https:\/\/entrepueblos.org\/ca\/comunicat-venecuela-estats-units\/"},"wordCount":706,"publisher":{"@id":"https:\/\/entrepueblos.org\/ca\/#organization"},"image":{"@id":"https:\/\/entrepueblos.org\/ca\/comunicat-venecuela-estats-units\/#primaryimage"},"thumbnailUrl":"https:\/\/entrepueblos.org\/wp-content\/uploads\/2026\/01\/Murcia_photo_2026-01-06_13-39-16.jpg","keywords":["activistasporlavida","Estados Unidos","Trump","Venezuela"],"articleSection":["Comunicados"],"inLanguage":"ca"},{"@type":"WebPage","@id":"https:\/\/entrepueblos.org\/ca\/comunicat-venecuela-estats-units\/","url":"https:\/\/entrepueblos.org\/ca\/comunicat-venecuela-estats-units\/","name":"Posicionament davant la intervenci\u00f3 militar i les accions violentes perpetrades pels Estats Units a Vene\u00e7uela - Entrepobles","isPartOf":{"@id":"https:\/\/entrepueblos.org\/ca\/#website"},"primaryImageOfPage":{"@id":"https:\/\/entrepueblos.org\/ca\/comunicat-venecuela-estats-units\/#primaryimage"},"image":{"@id":"https:\/\/entrepueblos.org\/ca\/comunicat-venecuela-estats-units\/#primaryimage"},"thumbnailUrl":"https:\/\/entrepueblos.org\/wp-content\/uploads\/2026\/01\/Murcia_photo_2026-01-06_13-39-16.jpg","datePublished":"2026-01-07T08:15:46+00:00","dateModified":"2026-01-08T08:29:06+00:00","breadcrumb":{"@id":"https:\/\/entrepueblos.org\/ca\/comunicat-venecuela-estats-units\/#breadcrumb"},"inLanguage":"ca","potentialAction":[{"@type":"ReadAction","target":["https:\/\/entrepueblos.org\/ca\/comunicat-venecuela-estats-units\/"]}]},{"@type":"ImageObject","inLanguage":"ca","@id":"https:\/\/entrepueblos.org\/ca\/comunicat-venecuela-estats-units\/#primaryimage","url":"https:\/\/entrepueblos.org\/wp-content\/uploads\/2026\/01\/Murcia_photo_2026-01-06_13-39-16.jpg","contentUrl":"https:\/\/entrepueblos.org\/wp-content\/uploads\/2026\/01\/Murcia_photo_2026-01-06_13-39-16.jpg","width":1280,"height":960},{"@type":"BreadcrumbList","@id":"https:\/\/entrepueblos.org\/ca\/comunicat-venecuela-estats-units\/#breadcrumb","itemListElement":[{"@type":"ListItem","position":1,"name":"Portada","item":"https:\/\/entrepueblos.org\/ca\/"},{"@type":"ListItem","position":2,"name":"Posicionament davant la intervenci\u00f3 militar i les accions violentes perpetrades pels Estats Units a Vene\u00e7uela"}]},{"@type":"WebSite","@id":"https:\/\/entrepueblos.org\/ca\/#website","url":"https:\/\/entrepueblos.org\/ca\/","name":"Entrepobles","description":"","publisher":{"@id":"https:\/\/entrepueblos.org\/ca\/#organization"},"potentialAction":[{"@type":"SearchAction","target":{"@type":"EntryPoint","urlTemplate":"https:\/\/entrepueblos.org\/ca\/?s={search_term_string}"},"query-input":{"@type":"PropertyValueSpecification","valueRequired":true,"valueName":"search_term_string"}}],"inLanguage":"ca"},{"@type":"Organization","@id":"https:\/\/entrepueblos.org\/ca\/#organization","name":"Entrepobles","url":"https:\/\/entrepueblos.org\/ca\/","logo":{"@type":"ImageObject","inLanguage":"ca","@id":"https:\/\/entrepueblos.org\/ca\/#\/schema\/logo\/image\/","url":"https:\/\/entrepueblos.org\/wp-content\/uploads\/2025\/01\/cropped-Group-14-2.png","contentUrl":"https:\/\/entrepueblos.org\/wp-content\/uploads\/2025\/01\/cropped-Group-14-2.png","width":109,"height":80,"caption":"Entrepobles"},"image":{"@id":"https:\/\/entrepueblos.org\/ca\/#\/schema\/logo\/image\/"}},{"@type":"Person","@id":"https:\/\/entrepueblos.org\/ca\/#\/schema\/person\/3ccbe8c28f2ae9c2c392e637c729a17f","name":"Entrepobles","image":{"@type":"ImageObject","inLanguage":"ca","@id":"https:\/\/entrepueblos.org\/ca\/#\/schema\/person\/image\/","url":"https:\/\/secure.gravatar.com\/avatar\/bb1de83a559dc4ce10a204eb56c2179a62192254ce6b3417532a2eb6bc6edfcc?s=96&d=mm&r=g","contentUrl":"https:\/\/secure.gravatar.com\/avatar\/bb1de83a559dc4ce10a204eb56c2179a62192254ce6b3417532a2eb6bc6edfcc?s=96&d=mm&r=g","caption":"Entrepobles"},"url":"https:\/\/entrepueblos.org\/ca\/author\/entrepobles\/"}]}},"_links":{"self":[{"href":"https:\/\/entrepueblos.org\/ca\/wp-json\/wp\/v2\/posts\/49032","targetHints":{"allow":["GET"]}}],"collection":[{"href":"https:\/\/entrepueblos.org\/ca\/wp-json\/wp\/v2\/posts"}],"about":[{"href":"https:\/\/entrepueblos.org\/ca\/wp-json\/wp\/v2\/types\/post"}],"author":[{"embeddable":true,"href":"https:\/\/entrepueblos.org\/ca\/wp-json\/wp\/v2\/users\/2"}],"replies":[{"embeddable":true,"href":"https:\/\/entrepueblos.org\/ca\/wp-json\/wp\/v2\/comments?post=49032"}],"version-history":[{"count":3,"href":"https:\/\/entrepueblos.org\/ca\/wp-json\/wp\/v2\/posts\/49032\/revisions"}],"predecessor-version":[{"id":49048,"href":"https:\/\/entrepueblos.org\/ca\/wp-json\/wp\/v2\/posts\/49032\/revisions\/49048"}],"wp:featuredmedia":[{"embeddable":true,"href":"https:\/\/entrepueblos.org\/ca\/wp-json\/wp\/v2\/media\/49030"}],"wp:attachment":[{"href":"https:\/\/entrepueblos.org\/ca\/wp-json\/wp\/v2\/media?parent=49032"}],"wp:term":[{"taxonomy":"category","embeddable":true,"href":"https:\/\/entrepueblos.org\/ca\/wp-json\/wp\/v2\/categories?post=49032"},{"taxonomy":"post_tag","embeddable":true,"href":"https:\/\/entrepueblos.org\/ca\/wp-json\/wp\/v2\/tags?post=49032"}],"curies":[{"name":"wp","href":"https:\/\/api.w.org\/{rel}","templated":true}]}}